{"id":19515,"date":"2017-11-21T00:00:00","date_gmt":"2017-11-21T00:00:00","guid":{"rendered":"https:\/\/www.clubvillamar.fr\/blog\/uncategorized\/fiestas-et-manifestations-culturelles-et-sportives-a-majorque-durant-toute-lannee\/"},"modified":"2018-01-29T11:17:04","modified_gmt":"2018-01-29T11:17:04","slug":"fiestas-et-manifestations-culturelles-et-sportives-a-majorque-durant-toute-lannee","status":"publish","type":"post","link":"https:\/\/www.clubvillamar.fr\/blog\/espagne\/fiestas-et-manifestations-culturelles-et-sportives-a-majorque-durant-toute-lannee\/","title":{"rendered":"Fiestas et manifestations culturelles et sportives \u00e0 Majorque durant toute l\u2019ann\u00e9e"},"content":{"rendered":"<p>Peu de pays abondent autant de f\u00eates et de manifestations culturelles et sportives que l\u2019Espagne et ses \u00eeles Bal\u00e9ares. L\u2019\u00eele de <a title=\"Villa Majorque\" href=\"https:\/\/www.clubvillamar.fr\/villas\/espagne\/mallorca\">Majorque<\/a> en est un bon exemple. Aucun mois ne passe sans avoir d\u00e9clar\u00e9 une f\u00eate nationale, agricole ou religieuse, une f\u00eate de musique classique ou une comp\u00e9tition sportive. Si vous aimez f\u00eater ou assister \u00e0 une comp\u00e9tition sportive, l\u2019\u00eele de Majorque vous accueillera de janvier \u00e0 d\u00e9cembre. Aucun pr\u00e9texte ne pourra vous retenir de passer vos vacances dans une magnifique villa, car il y aura toujours une fiesta \u00e0 Majorque.<!--more--><\/p>\n<p><strong>Janvier<\/strong><\/p>\n<p>Les f\u00eates de Sant Antoni sur toute l\u2019\u00eele de Majorque et la f\u00eate color\u00e9e de Sant Sebasti\u00e0n \u00e0 Palma introduisent une nouvelle ann\u00e9e.<\/p>\n<p><strong>\u00a0<\/strong><\/p>\n<p><strong>F\u00e9vrier<\/strong><\/p>\n<p>Les 17.000 amandiers annoncent le printemps en florissant toute l\u2019\u00eele de Majorque. Jouissez de la magie et de l\u2019incroyable beaut\u00e9 qu\u2019offre ce spectacle de la nature radieux en participant au Tours de Majorque, une course cycliste professionnelle en \u00e9tapes.<\/p>\n<p><strong>Mars<\/strong><\/p>\n<p>L\u2019Open Bridge des Bal\u00e9ares et la course cycliste \u2018centur\u00f3n ciclista international\u2019 de Majorque r\u00e9servent un divertissement inoubliable aux amateurs du sport et du bridge.<\/p>\n<p><strong>Avril<\/strong><\/p>\n<p>Le Festival de Jazz de Majorque ouvre ses portes et poursuivra jusqu\u2019en novembre. Diff\u00e9rents noms mondialement connus sont \u00e0 l\u2019affiche chaque ann\u00e9e.<\/p>\n<p>Le mois d\u2019avril est \u00e9galement la p\u00e9riode \u00e0 laquelle se d\u00e9roule le Troph\u00e9e de voile S.A.R. Princesse Sophie.<\/p>\n<p><strong>Mai<\/strong><\/p>\n<p>A Soller ont lieu les fiestas des Maures et des Chr\u00e9tiens.<\/p>\n<p><strong>Juin<\/strong><\/p>\n<p>Du port de Palma s\u2019\u00e9lancent les r\u00e9gates \u2018Breitling Illes Balears\u2019 sur une mer magnifique en cette p\u00e9riode. A terre a lieu l\u2019Open d\u2019Espagne pour les participants de VTT. Et la saison de ballet fait son ouverture pour cl\u00f4turer en janvier suivant.<\/p>\n<p><strong>Juillet<\/strong><\/p>\n<p>Voici la p\u00e9riode pour les amateurs de la musique classique, car le c\u00e9l\u00e8bre Festival de Pollenca cours de d\u00e9but juillet \u00e0 fin ao\u00fbt.<\/p>\n<p><strong>Ao\u00fbt<\/strong><\/p>\n<p>D\u00e9but ao\u00fbt la Coupe du Roi r\u00e9unit les meilleurs sp\u00e9cialistes de la voile \u00e0 se mesurer \u00e0 sa Majest\u00e9 le Roi, qui lui-m\u00eame a remport\u00e9 \u00e0 maintes reprises ce troph\u00e9e.<\/p>\n<p>A l\u2019occasion du Festival de Chopin, tous les dimanches \u00e0 22.00 heures vous pourrez assister \u00e0 un magnifique concert dans le clo\u00eetre de la Chartreuse de Valdemosa.<\/p>\n<p><strong>Septembre<\/strong><\/p>\n<p>Le Troph\u00e9e S.A.R. Princesse Brigitte de Su\u00e8de attire chaque ann\u00e9e des milliers d\u2019amateurs du golf. Et en fin du mois le triathlon international r\u00e9unit les sportifs de ferre.<\/p>\n<p><strong>Octobre<\/strong><\/p>\n<p>Sur l\u2019\u00eele de Majorque l\u2019ann\u00e9e court \u00e0 sa fin par une p\u00e9riode sportive et comp\u00e9titive avec le Tournoi international de tennis pour les v\u00e9t\u00e9rans, le Tournoi de golf Mallorca Classic, qui fait partie du circuit europ\u00e9en PGA sur les magnifiques terrains de Pula Golf et Son Servera, et la comp\u00e9tition internationale des plus grands a\u00e9rostiers \u00e0 Cala Millor.<\/p>\n<p><strong>D\u00e9cembre<\/strong><\/p>\n<p>Terminez l\u2019ann\u00e9e en beaut\u00e9 en participant au Tour de Majorque en VTT.<\/p>\n<p>Comme vous pouvez l\u2019apprendre, chaque p\u00e9riode a ses f\u00eates, fiestas, manifestations culturelles et sportives \u00e0 ne pas manquez. Pour savoir plus sur l\u2019agenda lors de vos vacances dans une de nos maisons de vacances \u00e0 <a title=\"Villas Majorque\" href=\"https:\/\/www.clubvillamar.fr\/villas\/espagne\/mallorca\">Majorque<\/a>, consultez aussi le site <a href=\"http:\/\/www.illesbalears.com\/\">www.illesbalears.com<\/a>.<\/p>\n","protected":false},"excerpt":{"rendered":"<p>Peu de pays abondent autant de f\u00eates et de manifestations culturelles et sportives que l\u2019Espagne et ses \u00eeles Bal\u00e9ares. L\u2019\u00eele [&hellip;]<\/p>\n","protected":false},"author":3,"featured_media":7873,"comment_status":"open","ping_status":"open","sticky":false,"template":"","format":"standard","meta":{"inline_featured_image":false,"_monsterinsights_skip_tracking":false,"_monsterinsights_sitenote_active":false,"_monsterinsights_sitenote_note":"","_monsterinsights_sitenote_category":0,"jetpack_post_was_ever_published":false,"_jetpack_newsletter_access":"","_jetpack_dont_email_post_to_subs":false,"_jetpack_newsletter_tier_id":0,"footnotes":"","jetpack_publicize_message":"","jetpack_publicize_feature_enabled":true,"jetpack_social_post_already_shared":false,"jetpack_social_options":{"image_generator_settings":{"template":"highway","enabled":false}}},"categories":[6836],"tags":[6867,6875,6874,6873,6872,6871,6870,6869,6868,2159,6866,6865,6864,6863,6862,6861,4161],"jetpack_publicize_connections":[],"yoast_head":"<!-- This site is optimized with the Yoast SEO plugin v22.2 - https:\/\/yoast.com\/wordpress\/plugins\/seo\/ -->\n<title>Fiestas et manifestations culturelles et sportives \u00e0 Majorque durant toute l\u2019ann\u00e9e - Club Villamar<\/title>\n<meta name=\"robots\" content=\"index, follow, max-snippet:-1, max-image-preview:large, max-video-preview:-1\" \/>\n<link rel=\"canonical\" href=\"https:\/\/www.clubvillamar.fr\/blog\/espagne\/fiestas-et-manifestations-culturelles-et-sportives-a-majorque-durant-toute-lannee\/\" \/>\n<meta property=\"og:locale\" content=\"fr_FR\" \/>\n<meta property=\"og:type\" content=\"article\" \/>\n<meta property=\"og:title\" content=\"Fiestas et manifestations culturelles et sportives \u00e0 Majorque durant toute l\u2019ann\u00e9e - Club Villamar\" \/>\n<meta property=\"og:description\" content=\"Peu de pays abondent autant de f\u00eates et de manifestations culturelles et sportives que l\u2019Espagne et ses \u00eeles Bal\u00e9ares. L\u2019\u00eele [&hellip;]\" \/>\n<meta property=\"og:url\" content=\"https:\/\/www.clubvillamar.fr\/blog\/espagne\/fiestas-et-manifestations-culturelles-et-sportives-a-majorque-durant-toute-lannee\/\" \/>\n<meta property=\"og:site_name\" content=\"Club Villamar\" \/>\n<meta property=\"article:published_time\" content=\"2017-11-21T00:00:00+00:00\" \/>\n<meta property=\"article:modified_time\" content=\"2018-01-29T11:17:04+00:00\" \/>\n<meta property=\"og:image\" content=\"https:\/\/www.clubvillamar.fr\/blog\/wp-content\/uploads\/2017\/10\/placeholder.jpg\" \/>\n\t<meta property=\"og:image:width\" content=\"1000\" \/>\n\t<meta property=\"og:image:height\" content=\"1000\" \/>\n\t<meta property=\"og:image:type\" content=\"image\/jpeg\" \/>\n<meta name=\"author\" content=\"Club Villamar\" \/>\n<meta name=\"twitter:card\" content=\"summary_large_image\" \/>\n<meta name=\"twitter:label1\" content=\"\u00c9crit par\" \/>\n\t<meta name=\"twitter:data1\" content=\"Club Villamar\" \/>\n\t<meta name=\"twitter:label2\" content=\"Dur\u00e9e de lecture estim\u00e9e\" \/>\n\t<meta name=\"twitter:data2\" content=\"3 minutes\" \/>\n<script type=\"application\/ld+json\" class=\"yoast-schema-graph\">{\"@context\":\"https:\/\/schema.org\",\"@graph\":[{\"@type\":\"Article\",\"@id\":\"https:\/\/www.clubvillamar.fr\/blog\/espagne\/fiestas-et-manifestations-culturelles-et-sportives-a-majorque-durant-toute-lannee\/#article\",\"isPartOf\":{\"@id\":\"https:\/\/www.clubvillamar.fr\/blog\/espagne\/fiestas-et-manifestations-culturelles-et-sportives-a-majorque-durant-toute-lannee\/\"},\"author\":{\"name\":\"Club Villamar\",\"@id\":\"https:\/\/www.clubvillamar.fr\/blog\/#\/schema\/person\/603e65b5e4bf24837757a4b58cfe7b62\"},\"headline\":\"Fiestas et manifestations culturelles et sportives \u00e0 Majorque durant toute l\u2019ann\u00e9e\",\"datePublished\":\"2017-11-21T00:00:00+00:00\",\"dateModified\":\"2018-01-29T11:17:04+00:00\",\"mainEntityOfPage\":{\"@id\":\"https:\/\/www.clubvillamar.fr\/blog\/espagne\/fiestas-et-manifestations-culturelles-et-sportives-a-majorque-durant-toute-lannee\/\"},\"wordCount\":577,\"commentCount\":0,\"publisher\":{\"@id\":\"https:\/\/www.clubvillamar.fr\/blog\/#organization\"},\"image\":{\"@id\":\"https:\/\/www.clubvillamar.fr\/blog\/espagne\/fiestas-et-manifestations-culturelles-et-sportives-a-majorque-durant-toute-lannee\/#primaryimage\"},\"thumbnailUrl\":\"https:\/\/www.clubvillamar.fr\/blog\/wp-content\/uploads\/2017\/10\/placeholder.jpg\",\"keywords\":[\"open bridge\",\"mallorca classic\",\"festival de chopin\",\"coupe de roi\",\"festval de pollenca\",\"breitling isles balears\",\"maures et chretiens\",\"trophee de princesse sophie\",\"festival de jazz majorque\",\"Palma\",\"tours de majorque\",\"sant sebastian\",\"sant antoni\",\"baleares\",\"manifestiones\",\"majorque\",\"Fiestas\"],\"articleSection\":[\"Espagne\"],\"inLanguage\":\"fr-FR\"},{\"@type\":\"WebPage\",\"@id\":\"https:\/\/www.clubvillamar.fr\/blog\/espagne\/fiestas-et-manifestations-culturelles-et-sportives-a-majorque-durant-toute-lannee\/\",\"url\":\"https:\/\/www.clubvillamar.fr\/blog\/espagne\/fiestas-et-manifestations-culturelles-et-sportives-a-majorque-durant-toute-lannee\/\",\"name\":\"Fiestas et manifestations culturelles et sportives \u00e0 Majorque durant toute l\u2019ann\u00e9e - Club Villamar\",\"isPartOf\":{\"@id\":\"https:\/\/www.clubvillamar.fr\/blog\/#website\"},\"primaryImageOfPage\":{\"@id\":\"https:\/\/www.clubvillamar.fr\/blog\/espagne\/fiestas-et-manifestations-culturelles-et-sportives-a-majorque-durant-toute-lannee\/#primaryimage\"},\"image\":{\"@id\":\"https:\/\/www.clubvillamar.fr\/blog\/espagne\/fiestas-et-manifestations-culturelles-et-sportives-a-majorque-durant-toute-lannee\/#primaryimage\"},\"thumbnailUrl\":\"https:\/\/www.clubvillamar.fr\/blog\/wp-content\/uploads\/2017\/10\/placeholder.jpg\",\"datePublished\":\"2017-11-21T00:00:00+00:00\",\"dateModified\":\"2018-01-29T11:17:04+00:00\",\"breadcrumb\":{\"@id\":\"https:\/\/www.clubvillamar.fr\/blog\/espagne\/fiestas-et-manifestations-culturelles-et-sportives-a-majorque-durant-toute-lannee\/#breadcrumb\"},\"inLanguage\":\"fr-FR\",\"potentialAction\":[{\"@type\":\"ReadAction\",\"target\":[\"https:\/\/www.clubvillamar.fr\/blog\/espagne\/fiestas-et-manifestations-culturelles-et-sportives-a-majorque-durant-toute-lannee\/\"]}]},{\"@type\":\"ImageObject\",\"inLanguage\":\"fr-FR\",\"@id\":\"https:\/\/www.clubvillamar.fr\/blog\/espagne\/fiestas-et-manifestations-culturelles-et-sportives-a-majorque-durant-toute-lannee\/#primaryimage\",\"url\":\"https:\/\/www.clubvillamar.fr\/blog\/wp-content\/uploads\/2017\/10\/placeholder.jpg\",\"contentUrl\":\"https:\/\/www.clubvillamar.fr\/blog\/wp-content\/uploads\/2017\/10\/placeholder.jpg\",\"width\":1000,\"height\":1000},{\"@type\":\"BreadcrumbList\",\"@id\":\"https:\/\/www.clubvillamar.fr\/blog\/espagne\/fiestas-et-manifestations-culturelles-et-sportives-a-majorque-durant-toute-lannee\/#breadcrumb\",\"itemListElement\":[{\"@type\":\"ListItem\",\"position\":1,\"name\":\"Accueil\",\"item\":\"https:\/\/www.clubvillamar.fr\/blog\/\"},{\"@type\":\"ListItem\",\"position\":2,\"name\":\"Fiestas et manifestations culturelles et sportives \u00e0 Majorque durant toute l\u2019ann\u00e9e\"}]},{\"@type\":\"WebSite\",\"@id\":\"https:\/\/www.clubvillamar.fr\/blog\/#website\",\"url\":\"https:\/\/www.clubvillamar.fr\/blog\/\",\"name\":\"Club Villamar\",\"description\":\"D\u00e9tendez-vous au bord de la piscine de votre villa espagnole\",\"publisher\":{\"@id\":\"https:\/\/www.clubvillamar.fr\/blog\/#organization\"},\"potentialAction\":[{\"@type\":\"SearchAction\",\"target\":{\"@type\":\"EntryPoint\",\"urlTemplate\":\"https:\/\/www.clubvillamar.fr\/blog\/?s={search_term_string}\"},\"query-input\":\"required name=search_term_string\"}],\"inLanguage\":\"fr-FR\"},{\"@type\":\"Organization\",\"@id\":\"https:\/\/www.clubvillamar.fr\/blog\/#organization\",\"name\":\"Club Villamar\",\"url\":\"https:\/\/www.clubvillamar.fr\/blog\/\",\"logo\":{\"@type\":\"ImageObject\",\"inLanguage\":\"fr-FR\",\"@id\":\"https:\/\/www.clubvillamar.fr\/blog\/#\/schema\/logo\/image\/\",\"url\":\"https:\/\/www.clubvillamar.fr\/blog\/wp-content\/uploads\/2017\/10\/placeholder.jpg\",\"contentUrl\":\"https:\/\/www.clubvillamar.fr\/blog\/wp-content\/uploads\/2017\/10\/placeholder.jpg\",\"width\":1000,\"height\":1000,\"caption\":\"Club Villamar\"},\"image\":{\"@id\":\"https:\/\/www.clubvillamar.fr\/blog\/#\/schema\/logo\/image\/\"}},{\"@type\":\"Person\",\"@id\":\"https:\/\/www.clubvillamar.fr\/blog\/#\/schema\/person\/603e65b5e4bf24837757a4b58cfe7b62\",\"name\":\"Club Villamar\",\"image\":{\"@type\":\"ImageObject\",\"inLanguage\":\"fr-FR\",\"@id\":\"https:\/\/www.clubvillamar.fr\/blog\/#\/schema\/person\/image\/\",\"url\":\"https:\/\/secure.gravatar.com\/avatar\/6b7b837342835f6b0ba134ae80b58a01?s=96&d=mm&r=g\",\"contentUrl\":\"https:\/\/secure.gravatar.com\/avatar\/6b7b837342835f6b0ba134ae80b58a01?s=96&d=mm&r=g\",\"caption\":\"Club Villamar\"},\"sameAs\":[\"https:\/\/www.clubvillamar.fr\"],\"url\":\"https:\/\/www.clubvillamar.fr\/blog\/author\/marketing\/\"}]}<\/script>\n<!-- \/ Yoast SEO plugin. -->","yoast_head_json":{"title":"Fiestas et manifestations culturelles et sportives \u00e0 Majorque durant toute l\u2019ann\u00e9e - Club Villamar","robots":{"index":"index","follow":"follow","max-snippet":"max-snippet:-1","max-image-preview":"max-image-preview:large","max-video-preview":"max-video-preview:-1"},"canonical":"https:\/\/www.clubvillamar.fr\/blog\/espagne\/fiestas-et-manifestations-culturelles-et-sportives-a-majorque-durant-toute-lannee\/","og_locale":"fr_FR","og_type":"article","og_title":"Fiestas et manifestations culturelles et sportives \u00e0 Majorque durant toute l\u2019ann\u00e9e - Club Villamar","og_description":"Peu de pays abondent autant de f\u00eates et de manifestations culturelles et sportives que l\u2019Espagne et ses \u00eeles Bal\u00e9ares. L\u2019\u00eele [&hellip;]","og_url":"https:\/\/www.clubvillamar.fr\/blog\/espagne\/fiestas-et-manifestations-culturelles-et-sportives-a-majorque-durant-toute-lannee\/","og_site_name":"Club Villamar","article_published_time":"2017-11-21T00:00:00+00:00","article_modified_time":"2018-01-29T11:17:04+00:00","og_image":[{"width":1000,"height":1000,"url":"https:\/\/www.clubvillamar.fr\/blog\/wp-content\/uploads\/2017\/10\/placeholder.jpg","type":"image\/jpeg"}],"author":"Club Villamar","twitter_card":"summary_large_image","twitter_misc":{"\u00c9crit par":"Club Villamar","Dur\u00e9e de lecture estim\u00e9e":"3 minutes"},"schema":{"@context":"https:\/\/schema.org","@graph":[{"@type":"Article","@id":"https:\/\/www.clubvillamar.fr\/blog\/espagne\/fiestas-et-manifestations-culturelles-et-sportives-a-majorque-durant-toute-lannee\/#article","isPartOf":{"@id":"https:\/\/www.clubvillamar.fr\/blog\/espagne\/fiestas-et-manifestations-culturelles-et-sportives-a-majorque-durant-toute-lannee\/"},"author":{"name":"Club Villamar","@id":"https:\/\/www.clubvillamar.fr\/blog\/#\/schema\/person\/603e65b5e4bf24837757a4b58cfe7b62"},"headline":"Fiestas et manifestations culturelles et sportives \u00e0 Majorque durant toute l\u2019ann\u00e9e","datePublished":"2017-11-21T00:00:00+00:00","dateModified":"2018-01-29T11:17:04+00:00","mainEntityOfPage":{"@id":"https:\/\/www.clubvillamar.fr\/blog\/espagne\/fiestas-et-manifestations-culturelles-et-sportives-a-majorque-durant-toute-lannee\/"},"wordCount":577,"commentCount":0,"publisher":{"@id":"https:\/\/www.clubvillamar.fr\/blog\/#organization"},"image":{"@id":"https:\/\/www.clubvillamar.fr\/blog\/espagne\/fiestas-et-manifestations-culturelles-et-sportives-a-majorque-durant-toute-lannee\/#primaryimage"},"thumbnailUrl":"https:\/\/www.clubvillamar.fr\/blog\/wp-content\/uploads\/2017\/10\/placeholder.jpg","keywords":["open bridge","mallorca classic","festival de chopin","coupe de roi","festval de pollenca","breitling isles balears","maures et chretiens","trophee de princesse sophie","festival de jazz majorque","Palma","tours de majorque","sant sebastian","sant antoni","baleares","manifestiones","majorque","Fiestas"],"articleSection":["Espagne"],"inLanguage":"fr-FR"},{"@type":"WebPage","@id":"https:\/\/www.clubvillamar.fr\/blog\/espagne\/fiestas-et-manifestations-culturelles-et-sportives-a-majorque-durant-toute-lannee\/","url":"https:\/\/www.clubvillamar.fr\/blog\/espagne\/fiestas-et-manifestations-culturelles-et-sportives-a-majorque-durant-toute-lannee\/","name":"Fiestas et manifestations culturelles et sportives \u00e0 Majorque durant toute l\u2019ann\u00e9e - Club Villamar","isPartOf":{"@id":"https:\/\/www.clubvillamar.fr\/blog\/#website"},"primaryImageOfPage":{"@id":"https:\/\/www.clubvillamar.fr\/blog\/espagne\/fiestas-et-manifestations-culturelles-et-sportives-a-majorque-durant-toute-lannee\/#primaryimage"},"image":{"@id":"https:\/\/www.clubvillamar.fr\/blog\/espagne\/fiestas-et-manifestations-culturelles-et-sportives-a-majorque-durant-toute-lannee\/#primaryimage"},"thumbnailUrl":"https:\/\/www.clubvillamar.fr\/blog\/wp-content\/uploads\/2017\/10\/placeholder.jpg","datePublished":"2017-11-21T00:00:00+00:00","dateModified":"2018-01-29T11:17:04+00:00","breadcrumb":{"@id":"https:\/\/www.clubvillamar.fr\/blog\/espagne\/fiestas-et-manifestations-culturelles-et-sportives-a-majorque-durant-toute-lannee\/#breadcrumb"},"inLanguage":"fr-FR","potentialAction":[{"@type":"ReadAction","target":["https:\/\/www.clubvillamar.fr\/blog\/espagne\/fiestas-et-manifestations-culturelles-et-sportives-a-majorque-durant-toute-lannee\/"]}]},{"@type":"ImageObject","inLanguage":"fr-FR","@id":"https:\/\/www.clubvillamar.fr\/blog\/espagne\/fiestas-et-manifestations-culturelles-et-sportives-a-majorque-durant-toute-lannee\/#primaryimage","url":"https:\/\/www.clubvillamar.fr\/blog\/wp-content\/uploads\/2017\/10\/placeholder.jpg","contentUrl":"https:\/\/www.clubvillamar.fr\/blog\/wp-content\/uploads\/2017\/10\/placeholder.jpg","width":1000,"height":1000},{"@type":"BreadcrumbList","@id":"https:\/\/www.clubvillamar.fr\/blog\/espagne\/fiestas-et-manifestations-culturelles-et-sportives-a-majorque-durant-toute-lannee\/#breadcrumb","itemListElement":[{"@type":"ListItem","position":1,"name":"Accueil","item":"https:\/\/www.clubvillamar.fr\/blog\/"},{"@type":"ListItem","position":2,"name":"Fiestas et manifestations culturelles et sportives \u00e0 Majorque durant toute l\u2019ann\u00e9e"}]},{"@type":"WebSite","@id":"https:\/\/www.clubvillamar.fr\/blog\/#website","url":"https:\/\/www.clubvillamar.fr\/blog\/","name":"Club Villamar","description":"D\u00e9tendez-vous au bord de la piscine de votre villa espagnole","publisher":{"@id":"https:\/\/www.clubvillamar.fr\/blog\/#organization"},"potentialAction":[{"@type":"SearchAction","target":{"@type":"EntryPoint","urlTemplate":"https:\/\/www.clubvillamar.fr\/blog\/?s={search_term_string}"},"query-input":"required name=search_term_string"}],"inLanguage":"fr-FR"},{"@type":"Organization","@id":"https:\/\/www.clubvillamar.fr\/blog\/#organization","name":"Club Villamar","url":"https:\/\/www.clubvillamar.fr\/blog\/","logo":{"@type":"ImageObject","inLanguage":"fr-FR","@id":"https:\/\/www.clubvillamar.fr\/blog\/#\/schema\/logo\/image\/","url":"https:\/\/www.clubvillamar.fr\/blog\/wp-content\/uploads\/2017\/10\/placeholder.jpg","contentUrl":"https:\/\/www.clubvillamar.fr\/blog\/wp-content\/uploads\/2017\/10\/placeholder.jpg","width":1000,"height":1000,"caption":"Club Villamar"},"image":{"@id":"https:\/\/www.clubvillamar.fr\/blog\/#\/schema\/logo\/image\/"}},{"@type":"Person","@id":"https:\/\/www.clubvillamar.fr\/blog\/#\/schema\/person\/603e65b5e4bf24837757a4b58cfe7b62","name":"Club Villamar","image":{"@type":"ImageObject","inLanguage":"fr-FR","@id":"https:\/\/www.clubvillamar.fr\/blog\/#\/schema\/person\/image\/","url":"https:\/\/secure.gravatar.com\/avatar\/6b7b837342835f6b0ba134ae80b58a01?s=96&d=mm&r=g","contentUrl":"https:\/\/secure.gravatar.com\/avatar\/6b7b837342835f6b0ba134ae80b58a01?s=96&d=mm&r=g","caption":"Club Villamar"},"sameAs":["https:\/\/www.clubvillamar.fr"],"url":"https:\/\/www.clubvillamar.fr\/blog\/author\/marketing\/"}]}},"jetpack_sharing_enabled":true,"jetpack_featured_media_url":"https:\/\/www.clubvillamar.fr\/blog\/wp-content\/uploads\/2017\/10\/placeholder.jpg","jetpack_shortlink":"https:\/\/wp.me\/p9DamS-54L","_links":{"self":[{"href":"https:\/\/www.clubvillamar.fr\/blog\/wp-json\/wp\/v2\/posts\/19515"}],"collection":[{"href":"https:\/\/www.clubvillamar.fr\/blog\/wp-json\/wp\/v2\/posts"}],"about":[{"href":"https:\/\/www.clubvillamar.fr\/blog\/wp-json\/wp\/v2\/types\/post"}],"author":[{"embeddable":true,"href":"https:\/\/www.clubvillamar.fr\/blog\/wp-json\/wp\/v2\/users\/3"}],"replies":[{"embeddable":true,"href":"https:\/\/www.clubvillamar.fr\/blog\/wp-json\/wp\/v2\/comments?post=19515"}],"version-history":[{"count":1,"href":"https:\/\/www.clubvillamar.fr\/blog\/wp-json\/wp\/v2\/posts\/19515\/revisions"}],"predecessor-version":[{"id":20647,"href":"https:\/\/www.clubvillamar.fr\/blog\/wp-json\/wp\/v2\/posts\/19515\/revisions\/20647"}],"wp:featuredmedia":[{"embeddable":true,"href":"https:\/\/www.clubvillamar.fr\/blog\/wp-json\/wp\/v2\/media\/7873"}],"wp:attachment":[{"href":"https:\/\/www.clubvillamar.fr\/blog\/wp-json\/wp\/v2\/media?parent=19515"}],"wp:term":[{"taxonomy":"category","embeddable":true,"href":"https:\/\/www.clubvillamar.fr\/blog\/wp-json\/wp\/v2\/categories?post=19515"},{"taxonomy":"post_tag","embeddable":true,"href":"https:\/\/www.clubvillamar.fr\/blog\/wp-json\/wp\/v2\/tags?post=19515"}],"curies":[{"name":"wp","href":"https:\/\/api.w.org\/{rel}","templated":true}]}}