{"id":19938,"date":"2017-11-22T00:00:00","date_gmt":"2017-11-22T00:00:00","guid":{"rendered":"https:\/\/www.clubvillamar.fr\/blog\/uncategorized\/vacances-costa-brava-climat-mediterraneen-et-300-jours-de-soleil\/"},"modified":"2018-01-29T11:16:35","modified_gmt":"2018-01-29T11:16:35","slug":"vacances-costa-brava-climat-mediterraneen-et-300-jours-de-soleil","status":"publish","type":"post","link":"https:\/\/www.clubvillamar.fr\/blog\/espagne\/vacances-costa-brava-climat-mediterraneen-et-300-jours-de-soleil\/","title":{"rendered":"Vacances Costa Brava: climat m\u00e9diterran\u00e9en et 300 jours de soleil"},"content":{"rendered":"<figure id=\"attachment_566\" aria-describedby=\"caption-attachment-566\" style=\"width: 300px\" class=\"wp-caption alignleft\"><img decoding=\"async\" class=\"size-medium wp-image-566 wp-caption alignleft\" title=\"49-costa-brava-climat-2\" src=\"https:\/\/www.clubvillamar.fr\/blog\/wp-content\/uploads\/2012\/11\/49-costa-brava-climat-2-300x201.jpg\" alt=\"Toujours du soleil \u00e0 la Costa Brava\" width=\"300\" height=\"201\" \/><figcaption id=\"caption-attachment-566\" class=\"wp-caption-text\">Toujours du soleil \u00e0 la Costa Brava<\/figcaption><\/figure>\n<h2>Des vacances \u00e0 la Costa Brava : belles maisons de vacances et soleil radieux<\/h2>\n<p style=\"text-align: justify;\">La <a href=\"https:\/\/www.clubvillamar.fr\/lp\/espagne\/costa-brava\/\">Costa Brava<\/a>, situ\u00e9e dans la partie la plus au nord-est de la c\u00f4te espagnole, est une magnifique r\u00e9gion pour y passer d\u2019agr\u00e9ables vacances ensoleill\u00e9es. La Costa Brava est une des premi\u00e8res destinations qui a \u00e9t\u00e9 d\u00e9couverte par les nombreux touristes \u00e0 la recherche de vacances dans un doux climat. Surtout les Fran\u00e7ais et les Belges viennent \u00e0 la Costa Brava pour son soleil, ses d\u00e9licieuses temp\u00e9ratures et son eau de mer chaude pendant les mois d\u2019\u00e9t\u00e9. En outre la Costa Brava est facilement accessible en voiture et les prix d\u2019avion sont abordables. Par cons\u00e9quent, des vacances \u00e0 la Costa Brava sont \u00e0 la port\u00e9e de tous les portes-monnaies, pour les couples tant que pour les grandes familles, pour les petits tant que les grands groupes d\u2019amis. <a href=\"https:\/\/www.clubvillamar.fr\/\">Club Villamar<\/a> a une large offre de maisons de vacances, de villas et d\u2019appartements sur toute la Costa Brava. Bref, un s\u00e9jour de vacances abordable pour chacun qui veut passer ses vacances \u00e0 la Costa Brava.<\/p>\n<p><!--more--><\/p>\n<h2>La Costa Brava et son climat m\u00e9diterran\u00e9en doux<\/h2>\n<p style=\"text-align: justify;\">La Costa Brava est dot\u00e9e d\u2019un climat m\u00e9diterran\u00e9en doux qui nous offre du soleil pendant 300 jours par an. M\u00eame si les temp\u00e9ratures hivernales descendent jusqu\u2019autour des 13 degr\u00e9s, la Costa Brava reste la plupart du temps ensoleill\u00e9e et s\u00e8che. Ainsi des vacances \u00e0 la Costa Brava durant la p\u00e9riode de l\u2019hiver sont encore acceptables. \u00c9videmment vous ne pourrez pas porter de bikini sur la plage, mais avec un pull et un pantalon, les promenades p\u00e9destres et en v\u00e9lo dans la magnifique nature, une partie de golf sur les excellent terrains de golf avec 9 \u00e0 18 trous, l\u2019\u00e9quitation sur la plage, une visite aux villages pittoresques avec leurs b\u00e2timents historiques, et savourer la d\u00e9licieuse cuisine catalane sont des possibilit\u00e9s de divertissement pendant vos vacances \u00e0 la Costa Brava en hiver.<\/p>\n<figure id=\"attachment_567\" aria-describedby=\"caption-attachment-567\" style=\"width: 300px\" class=\"wp-caption alignright\"><img decoding=\"async\" class=\"size-medium wp-image-567 wp-caption alignright\" title=\"49-costa-brava-climat-1\" src=\"https:\/\/www.clubvillamar.fr\/blog\/wp-content\/uploads\/2012\/11\/49-costa-brava-climat-1-300x300.jpg\" alt=\"Climat Espagne\" width=\"300\" height=\"300\" \/><figcaption id=\"caption-attachment-567\" class=\"wp-caption-text\">Climat \u00e0 la Costa Brava et en g\u00e9n\u00e9ral en Espagne : 300 jours de soleil par an<\/figcaption><\/figure>\n<h2>La Costa Brava et ses agr\u00e9ables temp\u00e9ratures pendant vos vacances d\u2019\u00e9t\u00e9<\/h2>\n<p style=\"text-align: justify;\">L\u2019\u00e9t\u00e9 est la p\u00e9riode par excellence pour des vacances \u00e0 la Costa Brava. Les temp\u00e9ratures moyennes d\u2019\u00e9t\u00e9 \u00e0 la Costa Brava varient entre les 23 et 25 degr\u00e9s. A la Costa Brava les temp\u00e9ratures sont assez stabiles, m\u00eame si les canicules sont un peu plus fr\u00e9quentes qu\u2019il y a quelques dizaines d\u2019ann\u00e9es. C\u2019est aussi la raison pour laquelle les orages peuvent \u00eatre plus violents, ce qui peut provoquer des inondations. Mais ces ph\u00e9nom\u00e8nes sont plut\u00f4t rares et certainement pas une raison pour ne pas planifier des vacances \u00e0 la Costa Brava. Bien qu\u2019il puisse y avoir de l\u00e9g\u00e8res diff\u00e9rences, ce climat et ces temp\u00e9ratures\u00a0 valent g\u00e9n\u00e9ralement pour toutes les stations baln\u00e9aires de la <a href=\"https:\/\/www.clubvillamar.fr\/lp\/espagne\/costa-brava\/\">Costa Brava<\/a> telles que <a href=\"https:\/\/www.clubvillamar.fr\/lp\/espagne\/costa-brava\/blanes\/\">Blanes<\/a>, <a href=\"https:\/\/www.clubvillamar.fr\/lp\/espagne\/costa-brava\/palamos\/\">Palamos<\/a>, <a href=\"https:\/\/www.clubvillamar.fr\/lp\/espagne\/costa-brava\/estartit\/\">l\u2019Estartit<\/a>, <a href=\"https:\/\/www.clubvillamar.fr\/lp\/espagne\/costa-brava\/escala\/\">l\u2019Escala<\/a>, <a href=\"https:\/\/www.clubvillamar.fr\/lp\/espagne\/costa-brava\/playa-de-aro\/\">Playa d\u2019Aro<\/a>, <a href=\"https:\/\/www.clubvillamar.fr\/lp\/espagne\/costa-brava\/lloret-del-mar\/\">Lloret de Mar<\/a>, <a href=\"https:\/\/www.clubvillamar.fr\/lp\/espagne\/costa-brava\/tossa-de-mar\/\">Tossa de Mar<\/a>, <a href=\"https:\/\/www.clubvillamar.fr\/lp\/espagne\/costa-brava\/sant-antoni-de-calonge\/\">Sant Antoni de Calonge<\/a>, <a href=\"https:\/\/www.clubvillamar.fr\/lp\/espagne\/costa-brava\/tamariu\/\">Tamariu <\/a>et <a href=\"https:\/\/www.clubvillamar.fr\/lp\/espagne\/costa-brava\/roses\/\">Roses<\/a>.<\/p>\n<p style=\"text-align: justify;\">Avec 300 jours de soleil par an, la Costa Brava est la destination id\u00e9ale pour tous ceux \u00e0 la recherche de vacances au soleil, tant en \u00e9t\u00e9 qu\u2019en hiver. Pour cette raison la plupart des maisons de vacances de Club Villamar sont disponibles durant presque toute l\u2019ann\u00e9e. Et toujours avec <strong>garantie de meilleur prix<\/strong> et une <strong>garantie de satisfaction \u00e0 100%.<\/strong><\/p>\n<p style=\"text-align: justify;\"><a href=\"https:\/\/www.clubvillamar.fr\/villas\/espagne\/costa-blanca\">R\u00e9servez donc d\u00e9j\u00e0 votre maison de vacances \u00e0 la Costa Brava chez Club Villamar.<\/a><\/p>\n","protected":false},"excerpt":{"rendered":"<p>Des vacances \u00e0 la Costa Brava : belles maisons de vacances et soleil radieux La Costa Brava, situ\u00e9e dans la [&hellip;]<\/p>\n","protected":false},"author":3,"featured_media":19942,"comment_status":"open","ping_status":"open","sticky":false,"template":"","format":"standard","meta":{"inline_featured_image":false,"_monsterinsights_skip_tracking":false,"_monsterinsights_sitenote_active":false,"_monsterinsights_sitenote_note":"","_monsterinsights_sitenote_category":0,"jetpack_post_was_ever_published":false,"_jetpack_newsletter_access":"","_jetpack_dont_email_post_to_subs":false,"_jetpack_newsletter_tier_id":0,"footnotes":"","jetpack_publicize_message":"","jetpack_publicize_feature_enabled":true,"jetpack_social_post_already_shared":false,"jetpack_social_options":{"image_generator_settings":{"template":"highway","enabled":false}}},"categories":[6836],"tags":[7117,7118,7119],"jetpack_publicize_connections":[],"yoast_head":"<!-- This site is optimized with the Yoast SEO plugin v22.2 - https:\/\/yoast.com\/wordpress\/plugins\/seo\/ -->\n<title>Vacances Costa Brava: climat m\u00e9diterran\u00e9en et 300 jours de soleil - Club Villamar<\/title>\n<meta name=\"robots\" content=\"index, follow, max-snippet:-1, max-image-preview:large, max-video-preview:-1\" \/>\n<link rel=\"canonical\" href=\"https:\/\/www.clubvillamar.fr\/blog\/espagne\/vacances-costa-brava-climat-mediterraneen-et-300-jours-de-soleil\/\" \/>\n<meta property=\"og:locale\" content=\"fr_FR\" \/>\n<meta property=\"og:type\" content=\"article\" \/>\n<meta property=\"og:title\" content=\"Vacances Costa Brava: climat m\u00e9diterran\u00e9en et 300 jours de soleil - Club Villamar\" \/>\n<meta property=\"og:description\" content=\"Des vacances \u00e0 la Costa Brava : belles maisons de vacances et soleil radieux La Costa Brava, situ\u00e9e dans la [&hellip;]\" \/>\n<meta property=\"og:url\" content=\"https:\/\/www.clubvillamar.fr\/blog\/espagne\/vacances-costa-brava-climat-mediterraneen-et-300-jours-de-soleil\/\" \/>\n<meta property=\"og:site_name\" content=\"Club Villamar\" \/>\n<meta property=\"article:published_time\" content=\"2017-11-22T00:00:00+00:00\" \/>\n<meta property=\"article:modified_time\" content=\"2018-01-29T11:16:35+00:00\" \/>\n<meta property=\"og:image\" content=\"https:\/\/www.clubvillamar.fr\/blog\/wp-content\/uploads\/2018\/01\/49-costa-brava-climat-1.jpg\" \/>\n\t<meta property=\"og:image:width\" content=\"463\" \/>\n\t<meta property=\"og:image:height\" content=\"463\" \/>\n\t<meta property=\"og:image:type\" content=\"image\/jpeg\" \/>\n<meta name=\"author\" content=\"Club Villamar\" \/>\n<meta name=\"twitter:card\" content=\"summary_large_image\" \/>\n<meta name=\"twitter:label1\" content=\"\u00c9crit par\" \/>\n\t<meta name=\"twitter:data1\" content=\"Club Villamar\" \/>\n\t<meta name=\"twitter:label2\" content=\"Dur\u00e9e de lecture estim\u00e9e\" \/>\n\t<meta name=\"twitter:data2\" content=\"3 minutes\" \/>\n<script type=\"application\/ld+json\" class=\"yoast-schema-graph\">{\"@context\":\"https:\/\/schema.org\",\"@graph\":[{\"@type\":\"Article\",\"@id\":\"https:\/\/www.clubvillamar.fr\/blog\/espagne\/vacances-costa-brava-climat-mediterraneen-et-300-jours-de-soleil\/#article\",\"isPartOf\":{\"@id\":\"https:\/\/www.clubvillamar.fr\/blog\/espagne\/vacances-costa-brava-climat-mediterraneen-et-300-jours-de-soleil\/\"},\"author\":{\"name\":\"Club Villamar\",\"@id\":\"https:\/\/www.clubvillamar.fr\/blog\/#\/schema\/person\/603e65b5e4bf24837757a4b58cfe7b62\"},\"headline\":\"Vacances Costa Brava: climat m\u00e9diterran\u00e9en et 300 jours de soleil\",\"datePublished\":\"2017-11-22T00:00:00+00:00\",\"dateModified\":\"2018-01-29T11:16:35+00:00\",\"mainEntityOfPage\":{\"@id\":\"https:\/\/www.clubvillamar.fr\/blog\/espagne\/vacances-costa-brava-climat-mediterraneen-et-300-jours-de-soleil\/\"},\"wordCount\":634,\"commentCount\":0,\"publisher\":{\"@id\":\"https:\/\/www.clubvillamar.fr\/blog\/#organization\"},\"image\":{\"@id\":\"https:\/\/www.clubvillamar.fr\/blog\/espagne\/vacances-costa-brava-climat-mediterraneen-et-300-jours-de-soleil\/#primaryimage\"},\"thumbnailUrl\":\"https:\/\/www.clubvillamar.fr\/blog\/wp-content\/uploads\/2018\/01\/49-costa-brava-climat-1.jpg\",\"keywords\":[\"vacances costa brava\",\"costa brava vacances\",\"vacances \u00e0 la costa brava\"],\"articleSection\":[\"Espagne\"],\"inLanguage\":\"fr-FR\"},{\"@type\":\"WebPage\",\"@id\":\"https:\/\/www.clubvillamar.fr\/blog\/espagne\/vacances-costa-brava-climat-mediterraneen-et-300-jours-de-soleil\/\",\"url\":\"https:\/\/www.clubvillamar.fr\/blog\/espagne\/vacances-costa-brava-climat-mediterraneen-et-300-jours-de-soleil\/\",\"name\":\"Vacances Costa Brava: climat m\u00e9diterran\u00e9en et 300 jours de soleil - Club Villamar\",\"isPartOf\":{\"@id\":\"https:\/\/www.clubvillamar.fr\/blog\/#website\"},\"primaryImageOfPage\":{\"@id\":\"https:\/\/www.clubvillamar.fr\/blog\/espagne\/vacances-costa-brava-climat-mediterraneen-et-300-jours-de-soleil\/#primaryimage\"},\"image\":{\"@id\":\"https:\/\/www.clubvillamar.fr\/blog\/espagne\/vacances-costa-brava-climat-mediterraneen-et-300-jours-de-soleil\/#primaryimage\"},\"thumbnailUrl\":\"https:\/\/www.clubvillamar.fr\/blog\/wp-content\/uploads\/2018\/01\/49-costa-brava-climat-1.jpg\",\"datePublished\":\"2017-11-22T00:00:00+00:00\",\"dateModified\":\"2018-01-29T11:16:35+00:00\",\"breadcrumb\":{\"@id\":\"https:\/\/www.clubvillamar.fr\/blog\/espagne\/vacances-costa-brava-climat-mediterraneen-et-300-jours-de-soleil\/#breadcrumb\"},\"inLanguage\":\"fr-FR\",\"potentialAction\":[{\"@type\":\"ReadAction\",\"target\":[\"https:\/\/www.clubvillamar.fr\/blog\/espagne\/vacances-costa-brava-climat-mediterraneen-et-300-jours-de-soleil\/\"]}]},{\"@type\":\"ImageObject\",\"inLanguage\":\"fr-FR\",\"@id\":\"https:\/\/www.clubvillamar.fr\/blog\/espagne\/vacances-costa-brava-climat-mediterraneen-et-300-jours-de-soleil\/#primaryimage\",\"url\":\"https:\/\/www.clubvillamar.fr\/blog\/wp-content\/uploads\/2018\/01\/49-costa-brava-climat-1.jpg\",\"contentUrl\":\"https:\/\/www.clubvillamar.fr\/blog\/wp-content\/uploads\/2018\/01\/49-costa-brava-climat-1.jpg\",\"width\":463,\"height\":463,\"caption\":\"Climat Espagne\"},{\"@type\":\"BreadcrumbList\",\"@id\":\"https:\/\/www.clubvillamar.fr\/blog\/espagne\/vacances-costa-brava-climat-mediterraneen-et-300-jours-de-soleil\/#breadcrumb\",\"itemListElement\":[{\"@type\":\"ListItem\",\"position\":1,\"name\":\"Accueil\",\"item\":\"https:\/\/www.clubvillamar.fr\/blog\/\"},{\"@type\":\"ListItem\",\"position\":2,\"name\":\"Vacances Costa Brava: climat m\u00e9diterran\u00e9en et 300 jours de soleil\"}]},{\"@type\":\"WebSite\",\"@id\":\"https:\/\/www.clubvillamar.fr\/blog\/#website\",\"url\":\"https:\/\/www.clubvillamar.fr\/blog\/\",\"name\":\"Club Villamar\",\"description\":\"D\u00e9tendez-vous au bord de la piscine de votre villa espagnole\",\"publisher\":{\"@id\":\"https:\/\/www.clubvillamar.fr\/blog\/#organization\"},\"potentialAction\":[{\"@type\":\"SearchAction\",\"target\":{\"@type\":\"EntryPoint\",\"urlTemplate\":\"https:\/\/www.clubvillamar.fr\/blog\/?s={search_term_string}\"},\"query-input\":\"required name=search_term_string\"}],\"inLanguage\":\"fr-FR\"},{\"@type\":\"Organization\",\"@id\":\"https:\/\/www.clubvillamar.fr\/blog\/#organization\",\"name\":\"Club Villamar\",\"url\":\"https:\/\/www.clubvillamar.fr\/blog\/\",\"logo\":{\"@type\":\"ImageObject\",\"inLanguage\":\"fr-FR\",\"@id\":\"https:\/\/www.clubvillamar.fr\/blog\/#\/schema\/logo\/image\/\",\"url\":\"https:\/\/www.clubvillamar.fr\/blog\/wp-content\/uploads\/2017\/10\/placeholder.jpg\",\"contentUrl\":\"https:\/\/www.clubvillamar.fr\/blog\/wp-content\/uploads\/2017\/10\/placeholder.jpg\",\"width\":1000,\"height\":1000,\"caption\":\"Club Villamar\"},\"image\":{\"@id\":\"https:\/\/www.clubvillamar.fr\/blog\/#\/schema\/logo\/image\/\"}},{\"@type\":\"Person\",\"@id\":\"https:\/\/www.clubvillamar.fr\/blog\/#\/schema\/person\/603e65b5e4bf24837757a4b58cfe7b62\",\"name\":\"Club Villamar\",\"image\":{\"@type\":\"ImageObject\",\"inLanguage\":\"fr-FR\",\"@id\":\"https:\/\/www.clubvillamar.fr\/blog\/#\/schema\/person\/image\/\",\"url\":\"https:\/\/secure.gravatar.com\/avatar\/6b7b837342835f6b0ba134ae80b58a01?s=96&d=mm&r=g\",\"contentUrl\":\"https:\/\/secure.gravatar.com\/avatar\/6b7b837342835f6b0ba134ae80b58a01?s=96&d=mm&r=g\",\"caption\":\"Club Villamar\"},\"sameAs\":[\"https:\/\/www.clubvillamar.fr\"],\"url\":\"https:\/\/www.clubvillamar.fr\/blog\/author\/marketing\/\"}]}<\/script>\n<!-- \/ Yoast SEO plugin. -->","yoast_head_json":{"title":"Vacances Costa Brava: climat m\u00e9diterran\u00e9en et 300 jours de soleil - Club Villamar","robots":{"index":"index","follow":"follow","max-snippet":"max-snippet:-1","max-image-preview":"max-image-preview:large","max-video-preview":"max-video-preview:-1"},"canonical":"https:\/\/www.clubvillamar.fr\/blog\/espagne\/vacances-costa-brava-climat-mediterraneen-et-300-jours-de-soleil\/","og_locale":"fr_FR","og_type":"article","og_title":"Vacances Costa Brava: climat m\u00e9diterran\u00e9en et 300 jours de soleil - Club Villamar","og_description":"Des vacances \u00e0 la Costa Brava : belles maisons de vacances et soleil radieux La Costa Brava, situ\u00e9e dans la [&hellip;]","og_url":"https:\/\/www.clubvillamar.fr\/blog\/espagne\/vacances-costa-brava-climat-mediterraneen-et-300-jours-de-soleil\/","og_site_name":"Club Villamar","article_published_time":"2017-11-22T00:00:00+00:00","article_modified_time":"2018-01-29T11:16:35+00:00","og_image":[{"width":463,"height":463,"url":"https:\/\/www.clubvillamar.fr\/blog\/wp-content\/uploads\/2018\/01\/49-costa-brava-climat-1.jpg","type":"image\/jpeg"}],"author":"Club Villamar","twitter_card":"summary_large_image","twitter_misc":{"\u00c9crit par":"Club Villamar","Dur\u00e9e de lecture estim\u00e9e":"3 minutes"},"schema":{"@context":"https:\/\/schema.org","@graph":[{"@type":"Article","@id":"https:\/\/www.clubvillamar.fr\/blog\/espagne\/vacances-costa-brava-climat-mediterraneen-et-300-jours-de-soleil\/#article","isPartOf":{"@id":"https:\/\/www.clubvillamar.fr\/blog\/espagne\/vacances-costa-brava-climat-mediterraneen-et-300-jours-de-soleil\/"},"author":{"name":"Club Villamar","@id":"https:\/\/www.clubvillamar.fr\/blog\/#\/schema\/person\/603e65b5e4bf24837757a4b58cfe7b62"},"headline":"Vacances Costa Brava: climat m\u00e9diterran\u00e9en et 300 jours de soleil","datePublished":"2017-11-22T00:00:00+00:00","dateModified":"2018-01-29T11:16:35+00:00","mainEntityOfPage":{"@id":"https:\/\/www.clubvillamar.fr\/blog\/espagne\/vacances-costa-brava-climat-mediterraneen-et-300-jours-de-soleil\/"},"wordCount":634,"commentCount":0,"publisher":{"@id":"https:\/\/www.clubvillamar.fr\/blog\/#organization"},"image":{"@id":"https:\/\/www.clubvillamar.fr\/blog\/espagne\/vacances-costa-brava-climat-mediterraneen-et-300-jours-de-soleil\/#primaryimage"},"thumbnailUrl":"https:\/\/www.clubvillamar.fr\/blog\/wp-content\/uploads\/2018\/01\/49-costa-brava-climat-1.jpg","keywords":["vacances costa brava","costa brava vacances","vacances \u00e0 la costa brava"],"articleSection":["Espagne"],"inLanguage":"fr-FR"},{"@type":"WebPage","@id":"https:\/\/www.clubvillamar.fr\/blog\/espagne\/vacances-costa-brava-climat-mediterraneen-et-300-jours-de-soleil\/","url":"https:\/\/www.clubvillamar.fr\/blog\/espagne\/vacances-costa-brava-climat-mediterraneen-et-300-jours-de-soleil\/","name":"Vacances Costa Brava: climat m\u00e9diterran\u00e9en et 300 jours de soleil - Club Villamar","isPartOf":{"@id":"https:\/\/www.clubvillamar.fr\/blog\/#website"},"primaryImageOfPage":{"@id":"https:\/\/www.clubvillamar.fr\/blog\/espagne\/vacances-costa-brava-climat-mediterraneen-et-300-jours-de-soleil\/#primaryimage"},"image":{"@id":"https:\/\/www.clubvillamar.fr\/blog\/espagne\/vacances-costa-brava-climat-mediterraneen-et-300-jours-de-soleil\/#primaryimage"},"thumbnailUrl":"https:\/\/www.clubvillamar.fr\/blog\/wp-content\/uploads\/2018\/01\/49-costa-brava-climat-1.jpg","datePublished":"2017-11-22T00:00:00+00:00","dateModified":"2018-01-29T11:16:35+00:00","breadcrumb":{"@id":"https:\/\/www.clubvillamar.fr\/blog\/espagne\/vacances-costa-brava-climat-mediterraneen-et-300-jours-de-soleil\/#breadcrumb"},"inLanguage":"fr-FR","potentialAction":[{"@type":"ReadAction","target":["https:\/\/www.clubvillamar.fr\/blog\/espagne\/vacances-costa-brava-climat-mediterraneen-et-300-jours-de-soleil\/"]}]},{"@type":"ImageObject","inLanguage":"fr-FR","@id":"https:\/\/www.clubvillamar.fr\/blog\/espagne\/vacances-costa-brava-climat-mediterraneen-et-300-jours-de-soleil\/#primaryimage","url":"https:\/\/www.clubvillamar.fr\/blog\/wp-content\/uploads\/2018\/01\/49-costa-brava-climat-1.jpg","contentUrl":"https:\/\/www.clubvillamar.fr\/blog\/wp-content\/uploads\/2018\/01\/49-costa-brava-climat-1.jpg","width":463,"height":463,"caption":"Climat Espagne"},{"@type":"BreadcrumbList","@id":"https:\/\/www.clubvillamar.fr\/blog\/espagne\/vacances-costa-brava-climat-mediterraneen-et-300-jours-de-soleil\/#breadcrumb","itemListElement":[{"@type":"ListItem","position":1,"name":"Accueil","item":"https:\/\/www.clubvillamar.fr\/blog\/"},{"@type":"ListItem","position":2,"name":"Vacances Costa Brava: climat m\u00e9diterran\u00e9en et 300 jours de soleil"}]},{"@type":"WebSite","@id":"https:\/\/www.clubvillamar.fr\/blog\/#website","url":"https:\/\/www.clubvillamar.fr\/blog\/","name":"Club Villamar","description":"D\u00e9tendez-vous au bord de la piscine de votre villa espagnole","publisher":{"@id":"https:\/\/www.clubvillamar.fr\/blog\/#organization"},"potentialAction":[{"@type":"SearchAction","target":{"@type":"EntryPoint","urlTemplate":"https:\/\/www.clubvillamar.fr\/blog\/?s={search_term_string}"},"query-input":"required name=search_term_string"}],"inLanguage":"fr-FR"},{"@type":"Organization","@id":"https:\/\/www.clubvillamar.fr\/blog\/#organization","name":"Club Villamar","url":"https:\/\/www.clubvillamar.fr\/blog\/","logo":{"@type":"ImageObject","inLanguage":"fr-FR","@id":"https:\/\/www.clubvillamar.fr\/blog\/#\/schema\/logo\/image\/","url":"https:\/\/www.clubvillamar.fr\/blog\/wp-content\/uploads\/2017\/10\/placeholder.jpg","contentUrl":"https:\/\/www.clubvillamar.fr\/blog\/wp-content\/uploads\/2017\/10\/placeholder.jpg","width":1000,"height":1000,"caption":"Club Villamar"},"image":{"@id":"https:\/\/www.clubvillamar.fr\/blog\/#\/schema\/logo\/image\/"}},{"@type":"Person","@id":"https:\/\/www.clubvillamar.fr\/blog\/#\/schema\/person\/603e65b5e4bf24837757a4b58cfe7b62","name":"Club Villamar","image":{"@type":"ImageObject","inLanguage":"fr-FR","@id":"https:\/\/www.clubvillamar.fr\/blog\/#\/schema\/person\/image\/","url":"https:\/\/secure.gravatar.com\/avatar\/6b7b837342835f6b0ba134ae80b58a01?s=96&d=mm&r=g","contentUrl":"https:\/\/secure.gravatar.com\/avatar\/6b7b837342835f6b0ba134ae80b58a01?s=96&d=mm&r=g","caption":"Club Villamar"},"sameAs":["https:\/\/www.clubvillamar.fr"],"url":"https:\/\/www.clubvillamar.fr\/blog\/author\/marketing\/"}]}},"jetpack_sharing_enabled":true,"jetpack_featured_media_url":"https:\/\/www.clubvillamar.fr\/blog\/wp-content\/uploads\/2018\/01\/49-costa-brava-climat-1.jpg","jetpack_shortlink":"https:\/\/wp.me\/p9DamS-5bA","_links":{"self":[{"href":"https:\/\/www.clubvillamar.fr\/blog\/wp-json\/wp\/v2\/posts\/19938"}],"collection":[{"href":"https:\/\/www.clubvillamar.fr\/blog\/wp-json\/wp\/v2\/posts"}],"about":[{"href":"https:\/\/www.clubvillamar.fr\/blog\/wp-json\/wp\/v2\/types\/post"}],"author":[{"embeddable":true,"href":"https:\/\/www.clubvillamar.fr\/blog\/wp-json\/wp\/v2\/users\/3"}],"replies":[{"embeddable":true,"href":"https:\/\/www.clubvillamar.fr\/blog\/wp-json\/wp\/v2\/comments?post=19938"}],"version-history":[{"count":2,"href":"https:\/\/www.clubvillamar.fr\/blog\/wp-json\/wp\/v2\/posts\/19938\/revisions"}],"predecessor-version":[{"id":28207,"href":"https:\/\/www.clubvillamar.fr\/blog\/wp-json\/wp\/v2\/posts\/19938\/revisions\/28207"}],"wp:featuredmedia":[{"embeddable":true,"href":"https:\/\/www.clubvillamar.fr\/blog\/wp-json\/wp\/v2\/media\/19942"}],"wp:attachment":[{"href":"https:\/\/www.clubvillamar.fr\/blog\/wp-json\/wp\/v2\/media?parent=19938"}],"wp:term":[{"taxonomy":"category","embeddable":true,"href":"https:\/\/www.clubvillamar.fr\/blog\/wp-json\/wp\/v2\/categories?post=19938"},{"taxonomy":"post_tag","embeddable":true,"href":"https:\/\/www.clubvillamar.fr\/blog\/wp-json\/wp\/v2\/tags?post=19938"}],"curies":[{"name":"wp","href":"https:\/\/api.w.org\/{rel}","templated":true}]}}