{"id":20088,"date":"2010-04-06T00:00:00","date_gmt":"2010-04-06T00:00:00","guid":{"rendered":"https:\/\/www.clubvillamar.fr\/blog\/uncategorized\/majorque-au-printemps-les-amandiers-en-pleine-floraison-2\/"},"modified":"2018-01-29T11:17:38","modified_gmt":"2018-01-29T11:17:38","slug":"majorque-au-printemps-les-amandiers-en-pleine-floraison-2","status":"publish","type":"post","link":"https:\/\/www.clubvillamar.fr\/blog\/espagne\/location-espagne\/majorque-au-printemps-les-amandiers-en-pleine-floraison-2\/","title":{"rendered":"Majorque au printemps : les amandiers en pleine floraison"},"content":{"rendered":"<p>Ceux qui ont pass\u00e9 leurs vacances \u00e0 <a title=\"Location majorque\" href=\"https:\/\/www.clubvillamar.fr\/villas\/espagne\/mallorca\">Majorque<\/a> entre mi-janvier et fin f\u00e9vrier ont eu largement l\u2019occasion de jouir d\u2019une splendide nature, tout en rose. Environ 8 million d\u2019amandiers \u00e9taient en pleine floraison. Ce ph\u00e9nom\u00e8ne naturel f\u00fbt un fabuleux d\u00e9but du printemps. L\u2019\u00eele des Bal\u00e9ares s\u2019\u00e9veille de son hibernation et nous fait conna\u00eetre un coin tranquille, que les nombreux vacanciers de l\u2019\u00e9t\u00e9 n\u2019ont pas encore pu d\u00e9couvrir.<!--more--><\/p>\n<p>Avec ses douces temp\u00e9ratures de 15 \u00e0 17\u00b0C, Majorque est id\u00e9al pour des vacances durant cette saison. Lorsque vous faites des promenades vous aurez largement l\u2019occasion de jouir d\u2019une nature en pleine floraison. Le printemps vous inspire au repos. Rien de plus agr\u00e9able durant un s\u00e9jour dans une maison de vacances \u00e0 Majorque au printemps.<\/p>\n<p>Prenez par exemple la c\u00f4te ouest de Majorque, la Costa Rocosa ou la c\u00f4te rocheuse. Cette c\u00f4te est domin\u00e9e par des montagnes calcaires, dont Puig Major est la plus haute avec ses 1445 m\u00e8tres. Par-ci par-l\u00e0 des groupes de pins colorient le paysage sauvage, o\u00f9 de petites criques se tracent un chemin. Plus au sud, autour des villages Estellencs et Bayalbufur, diff\u00e9rentes terrasses sont construites sur les collines. Sur ces marjades vous y verrez une richesse d\u2019olivier, de figuier et d\u2019amandiers. Dans ces vall\u00e9es fertiles, derri\u00e8re la c\u00f4te se trouvent de grandes ficas, des fermes avec d\u2019\u00e9l\u00e9gantes maisons seigneuriales comme Granja et Alf\u00e0bia, construites entre le 17 et le 19\u00e9me si\u00e8cle par de riches familles de Palma \u00e0 la recherche de repos.<\/p>\n<p>Il ne faut donc pas toujours croire qu\u2019il faut passer des vacances en \u00e9t\u00e9. Pour beaucoup de personnes, le printemps est pr\u00e9f\u00e9rable\u00a0: une temp\u00e9rature douce, moins de monde, une nature en pleine floraison et surtout \u2026 une oasis de repos. Club Villamar loue des villa de vacances durant toute l\u2019ann\u00e9e. Alors, pourquoi encore h\u00e9siter\u00a0?<\/p>\n","protected":false},"excerpt":{"rendered":"<p>Ceux qui ont pass\u00e9 leurs vacances \u00e0 Majorque entre mi-janvier et fin f\u00e9vrier ont eu largement l\u2019occasion de jouir d\u2019une [&hellip;]<\/p>\n","protected":false},"author":3,"featured_media":7873,"comment_status":"open","ping_status":"open","sticky":false,"template":"","format":"standard","meta":{"inline_featured_image":false,"_monsterinsights_skip_tracking":false,"_monsterinsights_sitenote_active":false,"_monsterinsights_sitenote_note":"","_monsterinsights_sitenote_category":0,"jetpack_post_was_ever_published":false,"_jetpack_newsletter_access":"","_jetpack_dont_email_post_to_subs":false,"_jetpack_newsletter_tier_id":0,"footnotes":"","jetpack_publicize_message":"","jetpack_publicize_feature_enabled":true,"jetpack_social_post_already_shared":false,"jetpack_social_options":{"image_generator_settings":{"template":"highway","enabled":false}}},"categories":[7123],"tags":[55,6861,6963,6964,6965,6966,6967,6968,6969,6970,6971],"jetpack_publicize_connections":[],"yoast_head":"<!-- This site is optimized with the Yoast SEO plugin v22.2 - https:\/\/yoast.com\/wordpress\/plugins\/seo\/ -->\n<title>Majorque au printemps : les amandiers en pleine floraison - Club Villamar<\/title>\n<meta name=\"robots\" content=\"index, follow, max-snippet:-1, max-image-preview:large, max-video-preview:-1\" \/>\n<link rel=\"canonical\" href=\"https:\/\/www.clubvillamar.fr\/blog\/espagne\/location-espagne\/majorque-au-printemps-les-amandiers-en-pleine-floraison-2\/\" \/>\n<meta property=\"og:locale\" content=\"fr_FR\" \/>\n<meta property=\"og:type\" content=\"article\" \/>\n<meta property=\"og:title\" content=\"Majorque au printemps : les amandiers en pleine floraison - Club Villamar\" \/>\n<meta property=\"og:description\" content=\"Ceux qui ont pass\u00e9 leurs vacances \u00e0 Majorque entre mi-janvier et fin f\u00e9vrier ont eu largement l\u2019occasion de jouir d\u2019une [&hellip;]\" \/>\n<meta property=\"og:url\" content=\"https:\/\/www.clubvillamar.fr\/blog\/espagne\/location-espagne\/majorque-au-printemps-les-amandiers-en-pleine-floraison-2\/\" \/>\n<meta property=\"og:site_name\" content=\"Club Villamar\" \/>\n<meta property=\"article:published_time\" content=\"2010-04-06T00:00:00+00:00\" \/>\n<meta property=\"article:modified_time\" content=\"2018-01-29T11:17:38+00:00\" \/>\n<meta property=\"og:image\" content=\"https:\/\/www.clubvillamar.fr\/blog\/wp-content\/uploads\/2017\/10\/placeholder.jpg\" \/>\n\t<meta property=\"og:image:width\" content=\"1000\" \/>\n\t<meta property=\"og:image:height\" content=\"1000\" \/>\n\t<meta property=\"og:image:type\" content=\"image\/jpeg\" \/>\n<meta name=\"author\" content=\"Club Villamar\" \/>\n<meta name=\"twitter:card\" content=\"summary_large_image\" \/>\n<meta name=\"twitter:label1\" content=\"\u00c9crit par\" \/>\n\t<meta name=\"twitter:data1\" content=\"Club Villamar\" \/>\n\t<meta name=\"twitter:label2\" content=\"Dur\u00e9e de lecture estim\u00e9e\" \/>\n\t<meta name=\"twitter:data2\" content=\"2 minutes\" \/>\n<script type=\"application\/ld+json\" class=\"yoast-schema-graph\">{\"@context\":\"https:\/\/schema.org\",\"@graph\":[{\"@type\":\"Article\",\"@id\":\"https:\/\/www.clubvillamar.fr\/blog\/espagne\/location-espagne\/majorque-au-printemps-les-amandiers-en-pleine-floraison-2\/#article\",\"isPartOf\":{\"@id\":\"https:\/\/www.clubvillamar.fr\/blog\/espagne\/location-espagne\/majorque-au-printemps-les-amandiers-en-pleine-floraison-2\/\"},\"author\":{\"name\":\"Club Villamar\",\"@id\":\"https:\/\/www.clubvillamar.fr\/blog\/#\/schema\/person\/603e65b5e4bf24837757a4b58cfe7b62\"},\"headline\":\"Majorque au printemps : les amandiers en pleine floraison\",\"datePublished\":\"2010-04-06T00:00:00+00:00\",\"dateModified\":\"2018-01-29T11:17:38+00:00\",\"mainEntityOfPage\":{\"@id\":\"https:\/\/www.clubvillamar.fr\/blog\/espagne\/location-espagne\/majorque-au-printemps-les-amandiers-en-pleine-floraison-2\/\"},\"wordCount\":340,\"commentCount\":0,\"publisher\":{\"@id\":\"https:\/\/www.clubvillamar.fr\/blog\/#organization\"},\"image\":{\"@id\":\"https:\/\/www.clubvillamar.fr\/blog\/espagne\/location-espagne\/majorque-au-printemps-les-amandiers-en-pleine-floraison-2\/#primaryimage\"},\"thumbnailUrl\":\"https:\/\/www.clubvillamar.fr\/blog\/wp-content\/uploads\/2017\/10\/placeholder.jpg\",\"keywords\":[\"club villamar\",\"majorque\",\"amandiers majorque\",\"maison de vacances majorque\",\"villa majorque\",\"vacances majorque\",\"costa rocosa\",\"puig major\",\"estellencs\",\"bayalbufur\",\"location majorque\"],\"articleSection\":[\"Location Espagne\"],\"inLanguage\":\"fr-FR\"},{\"@type\":\"WebPage\",\"@id\":\"https:\/\/www.clubvillamar.fr\/blog\/espagne\/location-espagne\/majorque-au-printemps-les-amandiers-en-pleine-floraison-2\/\",\"url\":\"https:\/\/www.clubvillamar.fr\/blog\/espagne\/location-espagne\/majorque-au-printemps-les-amandiers-en-pleine-floraison-2\/\",\"name\":\"Majorque au printemps : les amandiers en pleine floraison - Club Villamar\",\"isPartOf\":{\"@id\":\"https:\/\/www.clubvillamar.fr\/blog\/#website\"},\"primaryImageOfPage\":{\"@id\":\"https:\/\/www.clubvillamar.fr\/blog\/espagne\/location-espagne\/majorque-au-printemps-les-amandiers-en-pleine-floraison-2\/#primaryimage\"},\"image\":{\"@id\":\"https:\/\/www.clubvillamar.fr\/blog\/espagne\/location-espagne\/majorque-au-printemps-les-amandiers-en-pleine-floraison-2\/#primaryimage\"},\"thumbnailUrl\":\"https:\/\/www.clubvillamar.fr\/blog\/wp-content\/uploads\/2017\/10\/placeholder.jpg\",\"datePublished\":\"2010-04-06T00:00:00+00:00\",\"dateModified\":\"2018-01-29T11:17:38+00:00\",\"breadcrumb\":{\"@id\":\"https:\/\/www.clubvillamar.fr\/blog\/espagne\/location-espagne\/majorque-au-printemps-les-amandiers-en-pleine-floraison-2\/#breadcrumb\"},\"inLanguage\":\"fr-FR\",\"potentialAction\":[{\"@type\":\"ReadAction\",\"target\":[\"https:\/\/www.clubvillamar.fr\/blog\/espagne\/location-espagne\/majorque-au-printemps-les-amandiers-en-pleine-floraison-2\/\"]}]},{\"@type\":\"ImageObject\",\"inLanguage\":\"fr-FR\",\"@id\":\"https:\/\/www.clubvillamar.fr\/blog\/espagne\/location-espagne\/majorque-au-printemps-les-amandiers-en-pleine-floraison-2\/#primaryimage\",\"url\":\"https:\/\/www.clubvillamar.fr\/blog\/wp-content\/uploads\/2017\/10\/placeholder.jpg\",\"contentUrl\":\"https:\/\/www.clubvillamar.fr\/blog\/wp-content\/uploads\/2017\/10\/placeholder.jpg\",\"width\":1000,\"height\":1000},{\"@type\":\"BreadcrumbList\",\"@id\":\"https:\/\/www.clubvillamar.fr\/blog\/espagne\/location-espagne\/majorque-au-printemps-les-amandiers-en-pleine-floraison-2\/#breadcrumb\",\"itemListElement\":[{\"@type\":\"ListItem\",\"position\":1,\"name\":\"Accueil\",\"item\":\"https:\/\/www.clubvillamar.fr\/blog\/\"},{\"@type\":\"ListItem\",\"position\":2,\"name\":\"Majorque au printemps : les amandiers en pleine floraison\"}]},{\"@type\":\"WebSite\",\"@id\":\"https:\/\/www.clubvillamar.fr\/blog\/#website\",\"url\":\"https:\/\/www.clubvillamar.fr\/blog\/\",\"name\":\"Club Villamar\",\"description\":\"D\u00e9tendez-vous au bord de la piscine de votre villa espagnole\",\"publisher\":{\"@id\":\"https:\/\/www.clubvillamar.fr\/blog\/#organization\"},\"potentialAction\":[{\"@type\":\"SearchAction\",\"target\":{\"@type\":\"EntryPoint\",\"urlTemplate\":\"https:\/\/www.clubvillamar.fr\/blog\/?s={search_term_string}\"},\"query-input\":\"required name=search_term_string\"}],\"inLanguage\":\"fr-FR\"},{\"@type\":\"Organization\",\"@id\":\"https:\/\/www.clubvillamar.fr\/blog\/#organization\",\"name\":\"Club Villamar\",\"url\":\"https:\/\/www.clubvillamar.fr\/blog\/\",\"logo\":{\"@type\":\"ImageObject\",\"inLanguage\":\"fr-FR\",\"@id\":\"https:\/\/www.clubvillamar.fr\/blog\/#\/schema\/logo\/image\/\",\"url\":\"https:\/\/www.clubvillamar.fr\/blog\/wp-content\/uploads\/2017\/10\/placeholder.jpg\",\"contentUrl\":\"https:\/\/www.clubvillamar.fr\/blog\/wp-content\/uploads\/2017\/10\/placeholder.jpg\",\"width\":1000,\"height\":1000,\"caption\":\"Club Villamar\"},\"image\":{\"@id\":\"https:\/\/www.clubvillamar.fr\/blog\/#\/schema\/logo\/image\/\"}},{\"@type\":\"Person\",\"@id\":\"https:\/\/www.clubvillamar.fr\/blog\/#\/schema\/person\/603e65b5e4bf24837757a4b58cfe7b62\",\"name\":\"Club Villamar\",\"image\":{\"@type\":\"ImageObject\",\"inLanguage\":\"fr-FR\",\"@id\":\"https:\/\/www.clubvillamar.fr\/blog\/#\/schema\/person\/image\/\",\"url\":\"https:\/\/secure.gravatar.com\/avatar\/6b7b837342835f6b0ba134ae80b58a01?s=96&d=mm&r=g\",\"contentUrl\":\"https:\/\/secure.gravatar.com\/avatar\/6b7b837342835f6b0ba134ae80b58a01?s=96&d=mm&r=g\",\"caption\":\"Club Villamar\"},\"sameAs\":[\"https:\/\/www.clubvillamar.fr\"],\"url\":\"https:\/\/www.clubvillamar.fr\/blog\/author\/marketing\/\"}]}<\/script>\n<!-- \/ Yoast SEO plugin. -->","yoast_head_json":{"title":"Majorque au printemps : les amandiers en pleine floraison - Club Villamar","robots":{"index":"index","follow":"follow","max-snippet":"max-snippet:-1","max-image-preview":"max-image-preview:large","max-video-preview":"max-video-preview:-1"},"canonical":"https:\/\/www.clubvillamar.fr\/blog\/espagne\/location-espagne\/majorque-au-printemps-les-amandiers-en-pleine-floraison-2\/","og_locale":"fr_FR","og_type":"article","og_title":"Majorque au printemps : les amandiers en pleine floraison - Club Villamar","og_description":"Ceux qui ont pass\u00e9 leurs vacances \u00e0 Majorque entre mi-janvier et fin f\u00e9vrier ont eu largement l\u2019occasion de jouir d\u2019une [&hellip;]","og_url":"https:\/\/www.clubvillamar.fr\/blog\/espagne\/location-espagne\/majorque-au-printemps-les-amandiers-en-pleine-floraison-2\/","og_site_name":"Club Villamar","article_published_time":"2010-04-06T00:00:00+00:00","article_modified_time":"2018-01-29T11:17:38+00:00","og_image":[{"width":1000,"height":1000,"url":"https:\/\/www.clubvillamar.fr\/blog\/wp-content\/uploads\/2017\/10\/placeholder.jpg","type":"image\/jpeg"}],"author":"Club Villamar","twitter_card":"summary_large_image","twitter_misc":{"\u00c9crit par":"Club Villamar","Dur\u00e9e de lecture estim\u00e9e":"2 minutes"},"schema":{"@context":"https:\/\/schema.org","@graph":[{"@type":"Article","@id":"https:\/\/www.clubvillamar.fr\/blog\/espagne\/location-espagne\/majorque-au-printemps-les-amandiers-en-pleine-floraison-2\/#article","isPartOf":{"@id":"https:\/\/www.clubvillamar.fr\/blog\/espagne\/location-espagne\/majorque-au-printemps-les-amandiers-en-pleine-floraison-2\/"},"author":{"name":"Club Villamar","@id":"https:\/\/www.clubvillamar.fr\/blog\/#\/schema\/person\/603e65b5e4bf24837757a4b58cfe7b62"},"headline":"Majorque au printemps : les amandiers en pleine floraison","datePublished":"2010-04-06T00:00:00+00:00","dateModified":"2018-01-29T11:17:38+00:00","mainEntityOfPage":{"@id":"https:\/\/www.clubvillamar.fr\/blog\/espagne\/location-espagne\/majorque-au-printemps-les-amandiers-en-pleine-floraison-2\/"},"wordCount":340,"commentCount":0,"publisher":{"@id":"https:\/\/www.clubvillamar.fr\/blog\/#organization"},"image":{"@id":"https:\/\/www.clubvillamar.fr\/blog\/espagne\/location-espagne\/majorque-au-printemps-les-amandiers-en-pleine-floraison-2\/#primaryimage"},"thumbnailUrl":"https:\/\/www.clubvillamar.fr\/blog\/wp-content\/uploads\/2017\/10\/placeholder.jpg","keywords":["club villamar","majorque","amandiers majorque","maison de vacances majorque","villa majorque","vacances majorque","costa rocosa","puig major","estellencs","bayalbufur","location majorque"],"articleSection":["Location Espagne"],"inLanguage":"fr-FR"},{"@type":"WebPage","@id":"https:\/\/www.clubvillamar.fr\/blog\/espagne\/location-espagne\/majorque-au-printemps-les-amandiers-en-pleine-floraison-2\/","url":"https:\/\/www.clubvillamar.fr\/blog\/espagne\/location-espagne\/majorque-au-printemps-les-amandiers-en-pleine-floraison-2\/","name":"Majorque au printemps : les amandiers en pleine floraison - Club Villamar","isPartOf":{"@id":"https:\/\/www.clubvillamar.fr\/blog\/#website"},"primaryImageOfPage":{"@id":"https:\/\/www.clubvillamar.fr\/blog\/espagne\/location-espagne\/majorque-au-printemps-les-amandiers-en-pleine-floraison-2\/#primaryimage"},"image":{"@id":"https:\/\/www.clubvillamar.fr\/blog\/espagne\/location-espagne\/majorque-au-printemps-les-amandiers-en-pleine-floraison-2\/#primaryimage"},"thumbnailUrl":"https:\/\/www.clubvillamar.fr\/blog\/wp-content\/uploads\/2017\/10\/placeholder.jpg","datePublished":"2010-04-06T00:00:00+00:00","dateModified":"2018-01-29T11:17:38+00:00","breadcrumb":{"@id":"https:\/\/www.clubvillamar.fr\/blog\/espagne\/location-espagne\/majorque-au-printemps-les-amandiers-en-pleine-floraison-2\/#breadcrumb"},"inLanguage":"fr-FR","potentialAction":[{"@type":"ReadAction","target":["https:\/\/www.clubvillamar.fr\/blog\/espagne\/location-espagne\/majorque-au-printemps-les-amandiers-en-pleine-floraison-2\/"]}]},{"@type":"ImageObject","inLanguage":"fr-FR","@id":"https:\/\/www.clubvillamar.fr\/blog\/espagne\/location-espagne\/majorque-au-printemps-les-amandiers-en-pleine-floraison-2\/#primaryimage","url":"https:\/\/www.clubvillamar.fr\/blog\/wp-content\/uploads\/2017\/10\/placeholder.jpg","contentUrl":"https:\/\/www.clubvillamar.fr\/blog\/wp-content\/uploads\/2017\/10\/placeholder.jpg","width":1000,"height":1000},{"@type":"BreadcrumbList","@id":"https:\/\/www.clubvillamar.fr\/blog\/espagne\/location-espagne\/majorque-au-printemps-les-amandiers-en-pleine-floraison-2\/#breadcrumb","itemListElement":[{"@type":"ListItem","position":1,"name":"Accueil","item":"https:\/\/www.clubvillamar.fr\/blog\/"},{"@type":"ListItem","position":2,"name":"Majorque au printemps : les amandiers en pleine floraison"}]},{"@type":"WebSite","@id":"https:\/\/www.clubvillamar.fr\/blog\/#website","url":"https:\/\/www.clubvillamar.fr\/blog\/","name":"Club Villamar","description":"D\u00e9tendez-vous au bord de la piscine de votre villa espagnole","publisher":{"@id":"https:\/\/www.clubvillamar.fr\/blog\/#organization"},"potentialAction":[{"@type":"SearchAction","target":{"@type":"EntryPoint","urlTemplate":"https:\/\/www.clubvillamar.fr\/blog\/?s={search_term_string}"},"query-input":"required name=search_term_string"}],"inLanguage":"fr-FR"},{"@type":"Organization","@id":"https:\/\/www.clubvillamar.fr\/blog\/#organization","name":"Club Villamar","url":"https:\/\/www.clubvillamar.fr\/blog\/","logo":{"@type":"ImageObject","inLanguage":"fr-FR","@id":"https:\/\/www.clubvillamar.fr\/blog\/#\/schema\/logo\/image\/","url":"https:\/\/www.clubvillamar.fr\/blog\/wp-content\/uploads\/2017\/10\/placeholder.jpg","contentUrl":"https:\/\/www.clubvillamar.fr\/blog\/wp-content\/uploads\/2017\/10\/placeholder.jpg","width":1000,"height":1000,"caption":"Club Villamar"},"image":{"@id":"https:\/\/www.clubvillamar.fr\/blog\/#\/schema\/logo\/image\/"}},{"@type":"Person","@id":"https:\/\/www.clubvillamar.fr\/blog\/#\/schema\/person\/603e65b5e4bf24837757a4b58cfe7b62","name":"Club Villamar","image":{"@type":"ImageObject","inLanguage":"fr-FR","@id":"https:\/\/www.clubvillamar.fr\/blog\/#\/schema\/person\/image\/","url":"https:\/\/secure.gravatar.com\/avatar\/6b7b837342835f6b0ba134ae80b58a01?s=96&d=mm&r=g","contentUrl":"https:\/\/secure.gravatar.com\/avatar\/6b7b837342835f6b0ba134ae80b58a01?s=96&d=mm&r=g","caption":"Club Villamar"},"sameAs":["https:\/\/www.clubvillamar.fr"],"url":"https:\/\/www.clubvillamar.fr\/blog\/author\/marketing\/"}]}},"jetpack_sharing_enabled":true,"jetpack_featured_media_url":"https:\/\/www.clubvillamar.fr\/blog\/wp-content\/uploads\/2017\/10\/placeholder.jpg","jetpack_shortlink":"https:\/\/wp.me\/p9DamS-5e0","_links":{"self":[{"href":"https:\/\/www.clubvillamar.fr\/blog\/wp-json\/wp\/v2\/posts\/20088"}],"collection":[{"href":"https:\/\/www.clubvillamar.fr\/blog\/wp-json\/wp\/v2\/posts"}],"about":[{"href":"https:\/\/www.clubvillamar.fr\/blog\/wp-json\/wp\/v2\/types\/post"}],"author":[{"embeddable":true,"href":"https:\/\/www.clubvillamar.fr\/blog\/wp-json\/wp\/v2\/users\/3"}],"replies":[{"embeddable":true,"href":"https:\/\/www.clubvillamar.fr\/blog\/wp-json\/wp\/v2\/comments?post=20088"}],"version-history":[{"count":1,"href":"https:\/\/www.clubvillamar.fr\/blog\/wp-json\/wp\/v2\/posts\/20088\/revisions"}],"predecessor-version":[{"id":20772,"href":"https:\/\/www.clubvillamar.fr\/blog\/wp-json\/wp\/v2\/posts\/20088\/revisions\/20772"}],"wp:featuredmedia":[{"embeddable":true,"href":"https:\/\/www.clubvillamar.fr\/blog\/wp-json\/wp\/v2\/media\/7873"}],"wp:attachment":[{"href":"https:\/\/www.clubvillamar.fr\/blog\/wp-json\/wp\/v2\/media?parent=20088"}],"wp:term":[{"taxonomy":"category","embeddable":true,"href":"https:\/\/www.clubvillamar.fr\/blog\/wp-json\/wp\/v2\/categories?post=20088"},{"taxonomy":"post_tag","embeddable":true,"href":"https:\/\/www.clubvillamar.fr\/blog\/wp-json\/wp\/v2\/tags?post=20088"}],"curies":[{"name":"wp","href":"https:\/\/api.w.org\/{rel}","templated":true}]}}