{"id":23014,"date":"2018-02-18T10:47:02","date_gmt":"2018-02-18T10:47:02","guid":{"rendered":"https:\/\/www.clubvillamar.fr\/blog\/?p=23014"},"modified":"2020-05-05T15:42:37","modified_gmt":"2020-05-05T15:42:37","slug":"1-journee-artistique-avec-dali","status":"publish","type":"post","link":"https:\/\/www.clubvillamar.fr\/blog\/espagne\/costa-brava\/lloret-de-mar\/1-journee-artistique-avec-dali\/","title":{"rendered":"Une journ\u00e9e artistique avec Dali pendant votre s\u00e9jour sur la Costa Brava"},"content":{"rendered":"<p><strong><img decoding=\"async\" class=\"aligncenter size-full wp-image-42536\" src=\"https:\/\/www.clubvillamar.com\/blog\/wp-content\/uploads\/2018\/01\/185-Dali.jpg\" alt=\"\" width=\"5184\" height=\"3456\"><\/strong><\/p>\n<p><strong>La Catalogne a donn\u00e9 naissance \u00e0 de nombreux artistes renomm\u00e9s. Parmi eux, le surr\u00e9aliste Salvador Dali. Profitez de votre s\u00e9jour \u00e0 Lloret de Mar pour partir sur ses traces et entrer dans son univers artistique ! <\/strong><strong><br \/>\n<\/strong><\/p>\n<p><strong>Entre Figueras, o\u00f9 se trouve son fameux mus\u00e9e-th\u00e9\u00e2tre, et Port Lligat, o\u00f9 il v\u00e9cut longtemps, (re)d\u00e9couvrez l\u2019\u0153uvre de ce grand cr\u00e9ateur.<\/strong><\/p>\n<h2>Salvador Dali, artiste catalan<\/h2>\n<p>Qui est <strong>Salvador Dal<\/strong>i ? Voici une question plus difficile qu\u2019il n\u2019y para\u00eet car on peine \u00e0 faire la part de l\u2019homme et du personnage. Nous nous en tiendrons donc aux faits majeurs de la vie de l\u2019un des plus <strong>grands artistes catalans<\/strong> et\u2026mondiaux !<\/p>\n<div style=\"color: red;\"><span style=\"color: #000000;\">Salvador Dal\u00ed i Dom\u00e8nech est le fils d\u2019un couple de notables de Figueras o\u00f9 il est n\u00e9 le 11 mai 1904. Tr\u00e8s t\u00f4t le petit Salvador se met au dessin et r\u00e9v\u00e8le un talent certain.Dans les ann\u00e9es 1920, il rencontre entre autres <strong>Luis Bu\u00f1uel et Federico Garc\u00eda Lorca<\/strong> avec qui il se lie d\u2019amiti\u00e9. En parall\u00e8le il \u00e9tudie, non sans secousses, \u00e0 l\u2019Acad\u00e9mie des Beaux-Arts de Madrid. Les expositions de ses \u0153uvres se succ\u00e8dent ainsi que les voyages \u00e0 Paris o\u00f9 il rencontre en 1929, celle qui ne le quittera plus : <strong>Gala<\/strong>.Les ann\u00e9es 1930 marquent le d\u00e9but de la cons\u00e9cration : Dali multiplie les <strong>expositions en France et aux Etats-Unis<\/strong>. Son exclusion du <strong>groupe surr\u00e9aliste<\/strong> par Andr\u00e9 Breton en 1939 n\u2019entame pas cette r\u00e9putation. Alors que son succ\u00e8s ne cesse de cro\u00eetre, Dali renforce son personnage qu\u2019il aime mettre en sc\u00e8ne dans ses interventions et publications. En 1961, la mise en sc\u00e8ne atteint son comble avec le lancement du projet de <strong>Mus\u00e9e-Th\u00e9\u00e2tre de Figueras<\/strong>.En 1982, \u00e0 la mort de Gala, Salvador Dali quitte sa <strong>maison de Port Lligat<\/strong> pour s\u2019installer au ch\u00e2teau de P\u00fabol. 2 ans plus tard, il revient vivre \u00e0 Figueras o\u00f9 il s\u2019\u00e9teint le 23 janvier 1989.<\/span><\/div>\n<h4>Pr\u00e9parez vos vacances en Catalogne :<\/h4>\n<h4><a href=\"https:\/\/www.clubvillamar.fr\/villas\/espagne\/costa-brava\/lloret-de-mar\" target=\"_blank\" rel=\"noopener noreferrer\">Consultez nos villas en location \u00e0 Lloret de Mar !<\/a><\/h4>\n<p><img decoding=\"async\" class=\"wp-image-42537 size-full\" src=\"https:\/\/www.clubvillamar.com\/blog\/wp-content\/uploads\/2018\/01\/185-Dali-figueras-dali-museum.jpg\" alt=\"\" width=\"1920\" height=\"1440\"><\/p>\n<h2>Une matin\u00e9e \u00e0 Figueras au mus\u00e9e-th\u00e9\u00e2tre Dali<\/h2>\n<p>Nous vous proposons de commencer votre <strong>journ\u00e9e d\u00e9di\u00e9e \u00e0 Dali<\/strong> par la visite de sa ville natale, Figueras. Il s\u2019agit de la ville principale de l\u2019Alt-Emporda. Sa r\u00e9putation, il faut bien le dire, tient surtout au peintre surr\u00e9aliste qui a choisi d\u2019y installer son immense et impressionnant <strong>th\u00e9\u00e2tre-mus\u00e9e<\/strong>.<\/p>\n<p>Le mus\u00e9e a \u00e9t\u00e9 con\u00e7u par l\u2019artiste lui-m\u00eame. Tout au long des diff\u00e9rentes salles vous y d\u00e9couvrirez ses int\u00e9r\u00eats, ses passions et sa symbolique. Effectivement, on y retrouve \u00e0 la fois des hologrammes, pour lesquels il se passionna \u00e0 la fin de sa vie, le symbole de f\u00e9condit\u00e9 qu\u2019est l\u2019\u0153uf, et les fourmis, m\u00e9taphore de la mort dans l\u2019<strong>\u0153uvre de Dali<\/strong>.<\/p>\n<p>Qu\u2019il s\u2019agisse de peintures, de sculptures ou de bijoux, le <strong>mus\u00e9e de Figueras<\/strong> regorge de belles surprises. Au c\u0153ur m\u00eame de l\u2019\u00e9difice, repose la d\u00e9pouille du peintre.<\/p>\n<p>L\u2019endroit attire chaque ann\u00e9e des hordes de touristes. Nous vous recommandons de venir hors-saison ou alors t\u00f4t le matin pour \u00e9viter les files d\u2019attente interminables.<\/p>\n<p>Si vous souhaitez prolonger un peu votre visite de la ville, pourquoi ne pas d\u00e9couvrir le <strong>ch\u00e2teau de Sant Ferran<\/strong> ? Cette ancienne caserne militaire date du XVIIIe si\u00e8cle. C\u2019est \u00e0 ce jour l\u2019un des plus<strong> grands monuments de la Catalogne<\/strong>. Vous pourrez enfin terminer votre <strong>matin\u00e9e \u00e0 Figueras<\/strong> par une petite session shopping. On trouve dans la ville \u00e0 la fois de petites boutiques et de grandes enseignes espagnoles.<\/p>\n<h3><strong>Informations utiles :<\/strong><\/h3>\n<p>Adresse : Pla\u00e7a Gala i Salvador Dal\u00ed, 5, Figueres<br \/>\nT\u00e9l.: +34.972.67.75.00<br \/>\n<a href=\"https:\/\/www.salvador-dali.org\/fr\/musees\/theatre-musee-dali-a-figueres\/\" target=\"_blank\" rel=\"noopener noreferrer\">Site web<\/a><\/p>\n<h2><strong>Comment se rendre \u00e0 Figueras depuis Lloret de Mar ?<\/strong><\/h2>\n<p>&#8211; En voiture : 55 minutes via l\u2019autoroute AP-7<\/p>\n<p>&#8211; En transports : prendre un <a href=\"http:\/\/lloretdemar.org\/images\/busnov15.pdf\" target=\"_blank\" rel=\"noopener noreferrer\">bus de la compagnie Sagales<\/a> qui passe par Girone. Il y a 2 d\u00e9parts de Lloret de Mar par jour ainsi que 2 retours du lundi au vendredi. Il vous faudra compter 1h30 pour arriver \u00e0 Figueras.<\/p>\n<div style=\"color: red;\">\n<p><img decoding=\"async\" class=\"wp-image-42538 size-full\" src=\"https:\/\/www.clubvillamar.com\/blog\/wp-content\/uploads\/2018\/01\/185-Dali-House-Dali-Port-Lligat.jpg\" alt=\"\" width=\"4000\" height=\"2604\"><\/p>\n<\/div>\n<h2>Dans l\u2019intimit\u00e9 de Dali \u00e0 Port Lligat<\/h2>\n<p>Apr\u00e8s avoir vu la mise en sc\u00e8ne de la <strong>vie et de l\u2019\u0153uvre de Dali<\/strong> dans son <strong>mus\u00e9e de Figueras<\/strong>, acc\u00e9dez \u00e0 une autre facette de ce personnage myst\u00e9rieux. A Port Lligat, vous entrerez dans l\u2019univers personnel du couple l\u00e9gendaire.<\/p>\n<p>Situ\u00e9 au nord de Cadaqu\u00e9s, <strong>Port Lligat<\/strong> \u00e9tait \u00e0 l\u2019origine un petit port de p\u00eache. Au bout d\u2019une crique au charme fou, se dresse la <strong>maison-mus\u00e9e de Salvador Dali et Gala<\/strong>. Difficile de passer \u00e0 c\u00f4t\u00e9, tant le village est minuscule. Les \u0153ufs qui surplombent la toiture, symbole bien connu de l\u2019<strong>\u0153uvre de Dali<\/strong>, la distinguent du reste des b\u00e2timents.<\/p>\n<p>La <strong>maison de Port Lligat<\/strong> a \u00e9t\u00e9 la seule r\u00e9sidence fixe de Dali. Il y v\u00e9cut r\u00e9guli\u00e8rement de 1930 \u00e0 la mort de Gala en 1982. D\u2019ailleurs grand nombre de ses \u0153uvres ont \u00e9t\u00e9 r\u00e9alis\u00e9es ici et plusieurs photographies connues de l\u2019artiste le montrent dans son atelier ou sa biblioth\u00e8que de Port Lligat.<\/p>\n<p>Ce b\u00e2timent est \u00e0 l\u2019image de l\u2019oeuvre de Dali : riche et myst\u00e9rieux. Construit \u00e0 partir de plusieurs maisons de p\u00eacheurs r\u00e9unies, il se compose de petites pi\u00e8ces et de recoins.<\/p>\n<p>Notez qu\u2019en raison de sa r\u00e9putation le lieu est souvent bond\u00e9 l\u2019\u00e9t\u00e9 et une r\u00e9servation est obligatoire pour <strong>visiter la maison-mus\u00e9e de Port Lligat<\/strong>.<\/p>\n<p>Avant de regagner Lloret de Mar, pourquoi ne pas en profiter pour partager quelques tapas au calme dans la charmante <strong>ville de Cadaqu\u00e9s<\/strong> ou de la brise marine rafra\u00eechissante du <strong>Cap de Creus<\/strong> ? Pour en savoir plus sur ces deux endroits, consultez notre article <a href=\"#LP_186\" target=\"_blank\" rel=\"noopener noreferrer\">\u00ab\u00a01 journ\u00e9e loin de la foule \u00e0 Cadaqu\u00e9s et au Cap de Creus\u00a0\u00bb<\/a>.<\/p>\n<h3><strong>Informations utiles :<\/strong><\/h3>\n<p>Adresse : Platja Portlligat, s\/n, 17488 Cadaqu\u00e9s<br \/>\nT\u00e9l.: +34.972.25.10.15<br \/>\n<a href=\"https:\/\/www.salvador-dali.org\/fr\/musees\/maison-salvador-dali-a-portlligat\/\" target=\"_blank\" rel=\"noopener noreferrer\">Site web<\/a><\/p>\n<h2><strong>Comment se rendre \u00e0 Port Lligat depuis Lloret de Mar ?<\/strong><\/h2>\n<p>&#8211; En voiture : comptez un peu plus d\u20191h30 en suivant l\u2019AP-7 jusqu\u2019\u00e0 la sortie Roses \u2013 Castell\u00f3 d\u2019Empuries. Suivre la direction Cadaqu\u00e9s : vous emprunterez alors une route de montagne. Une fois \u00e0 Cadaqu\u00e9s, ne rentrez pas dans la ville mais continuez vers le nord en direction de Port Lligat. Il y a un parking pour se garer gratuitement. Sinon vous pouvez vous garer \u00e0 Cadaqu\u00e9s et vous rendre \u00e0 Port Lligat \u00e0 pied en longeant la mer ou avec le petit train touristique Cadaqu\u00e9s Express.<\/p>\n","protected":false},"excerpt":{"rendered":"<p>Marchez sur les pas de Salvador Dali en Catalogne ! Pour mieux conna\u00eetre l\u2019artiste, visitez son mus\u00e9e-th\u00e9\u00e2tre \u00e0 Figueras et sa maison \u00e0 Port Lligat.<\/p>\n","protected":false},"author":3,"featured_media":23734,"comment_status":"closed","ping_status":"closed","sticky":false,"template":"","format":"standard","meta":{"inline_featured_image":false,"_monsterinsights_skip_tracking":false,"_monsterinsights_sitenote_active":false,"_monsterinsights_sitenote_note":"","_monsterinsights_sitenote_category":0,"jetpack_post_was_ever_published":false,"_jetpack_newsletter_access":"","_jetpack_dont_email_post_to_subs":false,"_jetpack_newsletter_tier_id":0,"footnotes":"","jetpack_publicize_message":"","jetpack_publicize_feature_enabled":true,"jetpack_social_post_already_shared":true,"jetpack_social_options":{"image_generator_settings":{"template":"highway","enabled":false}}},"categories":[6836,7171,7219],"tags":[292,1840,6876],"jetpack_publicize_connections":[],"yoast_head":"<!-- This site is optimized with the Yoast SEO plugin v22.2 - https:\/\/yoast.com\/wordpress\/plugins\/seo\/ -->\n<title>1 journ\u00e9e artistique avec Dali<\/title>\n<meta name=\"description\" content=\"Marchez sur les pas de Salvador Dali en Catalogne ! Pour mieux conna\u00eetre l\u2019artiste, visitez son mus\u00e9e-th\u00e9\u00e2tre \u00e0 Figueras et sa maison \u00e0 Port Lligat.\" \/>\n<meta name=\"robots\" content=\"index, follow, max-snippet:-1, max-image-preview:large, max-video-preview:-1\" \/>\n<link rel=\"canonical\" href=\"https:\/\/www.clubvillamar.fr\/blog\/espagne\/costa-brava\/lloret-de-mar\/1-journee-artistique-avec-dali\/\" \/>\n<meta property=\"og:locale\" content=\"fr_FR\" \/>\n<meta property=\"og:type\" content=\"article\" \/>\n<meta property=\"og:title\" content=\"1 journ\u00e9e artistique avec Dali\" \/>\n<meta property=\"og:description\" content=\"Marchez sur les pas de Salvador Dali en Catalogne ! Pour mieux conna\u00eetre l\u2019artiste, visitez son mus\u00e9e-th\u00e9\u00e2tre \u00e0 Figueras et sa maison \u00e0 Port Lligat.\" \/>\n<meta property=\"og:url\" content=\"https:\/\/www.clubvillamar.fr\/blog\/espagne\/costa-brava\/lloret-de-mar\/1-journee-artistique-avec-dali\/\" \/>\n<meta property=\"og:site_name\" content=\"Club Villamar\" \/>\n<meta property=\"article:published_time\" content=\"2018-02-18T10:47:02+00:00\" \/>\n<meta property=\"article:modified_time\" content=\"2020-05-05T15:42:37+00:00\" \/>\n<meta property=\"og:image\" content=\"https:\/\/www.clubvillamar.fr\/blog\/wp-content\/uploads\/2018\/02\/185-Dali-1024x683.jpg\" \/>\n\t<meta property=\"og:image:width\" content=\"1024\" \/>\n\t<meta property=\"og:image:height\" content=\"683\" \/>\n\t<meta property=\"og:image:type\" content=\"image\/jpeg\" \/>\n<meta name=\"author\" content=\"Club Villamar\" \/>\n<meta name=\"twitter:card\" content=\"summary_large_image\" \/>\n<meta name=\"twitter:label1\" content=\"\u00c9crit par\" \/>\n\t<meta name=\"twitter:data1\" content=\"Club Villamar\" \/>\n\t<meta name=\"twitter:label2\" content=\"Dur\u00e9e de lecture estim\u00e9e\" \/>\n\t<meta name=\"twitter:data2\" content=\"6 minutes\" \/>\n<script type=\"application\/ld+json\" class=\"yoast-schema-graph\">{\"@context\":\"https:\/\/schema.org\",\"@graph\":[{\"@type\":\"Article\",\"@id\":\"https:\/\/www.clubvillamar.fr\/blog\/espagne\/costa-brava\/lloret-de-mar\/1-journee-artistique-avec-dali\/#article\",\"isPartOf\":{\"@id\":\"https:\/\/www.clubvillamar.fr\/blog\/espagne\/costa-brava\/lloret-de-mar\/1-journee-artistique-avec-dali\/\"},\"author\":{\"name\":\"Club Villamar\",\"@id\":\"https:\/\/www.clubvillamar.fr\/blog\/#\/schema\/person\/603e65b5e4bf24837757a4b58cfe7b62\"},\"headline\":\"Une journ\u00e9e artistique avec Dali pendant votre s\u00e9jour sur la Costa Brava\",\"datePublished\":\"2018-02-18T10:47:02+00:00\",\"dateModified\":\"2020-05-05T15:42:37+00:00\",\"mainEntityOfPage\":{\"@id\":\"https:\/\/www.clubvillamar.fr\/blog\/espagne\/costa-brava\/lloret-de-mar\/1-journee-artistique-avec-dali\/\"},\"wordCount\":1116,\"publisher\":{\"@id\":\"https:\/\/www.clubvillamar.fr\/blog\/#organization\"},\"image\":{\"@id\":\"https:\/\/www.clubvillamar.fr\/blog\/espagne\/costa-brava\/lloret-de-mar\/1-journee-artistique-avec-dali\/#primaryimage\"},\"thumbnailUrl\":\"https:\/\/www.clubvillamar.fr\/blog\/wp-content\/uploads\/2018\/02\/185-Dali.jpg\",\"keywords\":[\"lloret de mar\",\"Costa Brava\",\"espagne\"],\"articleSection\":[\"Espagne\",\"Lloret de Mar\",\"Costa Brava\"],\"inLanguage\":\"fr-FR\"},{\"@type\":\"WebPage\",\"@id\":\"https:\/\/www.clubvillamar.fr\/blog\/espagne\/costa-brava\/lloret-de-mar\/1-journee-artistique-avec-dali\/\",\"url\":\"https:\/\/www.clubvillamar.fr\/blog\/espagne\/costa-brava\/lloret-de-mar\/1-journee-artistique-avec-dali\/\",\"name\":\"1 journ\u00e9e artistique avec Dali\",\"isPartOf\":{\"@id\":\"https:\/\/www.clubvillamar.fr\/blog\/#website\"},\"primaryImageOfPage\":{\"@id\":\"https:\/\/www.clubvillamar.fr\/blog\/espagne\/costa-brava\/lloret-de-mar\/1-journee-artistique-avec-dali\/#primaryimage\"},\"image\":{\"@id\":\"https:\/\/www.clubvillamar.fr\/blog\/espagne\/costa-brava\/lloret-de-mar\/1-journee-artistique-avec-dali\/#primaryimage\"},\"thumbnailUrl\":\"https:\/\/www.clubvillamar.fr\/blog\/wp-content\/uploads\/2018\/02\/185-Dali.jpg\",\"datePublished\":\"2018-02-18T10:47:02+00:00\",\"dateModified\":\"2020-05-05T15:42:37+00:00\",\"description\":\"Marchez sur les pas de Salvador Dali en Catalogne ! Pour mieux conna\u00eetre l\u2019artiste, visitez son mus\u00e9e-th\u00e9\u00e2tre \u00e0 Figueras et sa maison \u00e0 Port Lligat.\",\"breadcrumb\":{\"@id\":\"https:\/\/www.clubvillamar.fr\/blog\/espagne\/costa-brava\/lloret-de-mar\/1-journee-artistique-avec-dali\/#breadcrumb\"},\"inLanguage\":\"fr-FR\",\"potentialAction\":[{\"@type\":\"ReadAction\",\"target\":[\"https:\/\/www.clubvillamar.fr\/blog\/espagne\/costa-brava\/lloret-de-mar\/1-journee-artistique-avec-dali\/\"]}]},{\"@type\":\"ImageObject\",\"inLanguage\":\"fr-FR\",\"@id\":\"https:\/\/www.clubvillamar.fr\/blog\/espagne\/costa-brava\/lloret-de-mar\/1-journee-artistique-avec-dali\/#primaryimage\",\"url\":\"https:\/\/www.clubvillamar.fr\/blog\/wp-content\/uploads\/2018\/02\/185-Dali.jpg\",\"contentUrl\":\"https:\/\/www.clubvillamar.fr\/blog\/wp-content\/uploads\/2018\/02\/185-Dali.jpg\",\"width\":5184,\"height\":3456},{\"@type\":\"BreadcrumbList\",\"@id\":\"https:\/\/www.clubvillamar.fr\/blog\/espagne\/costa-brava\/lloret-de-mar\/1-journee-artistique-avec-dali\/#breadcrumb\",\"itemListElement\":[{\"@type\":\"ListItem\",\"position\":1,\"name\":\"Accueil\",\"item\":\"https:\/\/www.clubvillamar.fr\/blog\/\"},{\"@type\":\"ListItem\",\"position\":2,\"name\":\"Une journ\u00e9e artistique avec Dali pendant votre s\u00e9jour sur la Costa Brava\"}]},{\"@type\":\"WebSite\",\"@id\":\"https:\/\/www.clubvillamar.fr\/blog\/#website\",\"url\":\"https:\/\/www.clubvillamar.fr\/blog\/\",\"name\":\"Club Villamar\",\"description\":\"D\u00e9tendez-vous au bord de la piscine de votre villa espagnole\",\"publisher\":{\"@id\":\"https:\/\/www.clubvillamar.fr\/blog\/#organization\"},\"potentialAction\":[{\"@type\":\"SearchAction\",\"target\":{\"@type\":\"EntryPoint\",\"urlTemplate\":\"https:\/\/www.clubvillamar.fr\/blog\/?s={search_term_string}\"},\"query-input\":\"required name=search_term_string\"}],\"inLanguage\":\"fr-FR\"},{\"@type\":\"Organization\",\"@id\":\"https:\/\/www.clubvillamar.fr\/blog\/#organization\",\"name\":\"Club Villamar\",\"url\":\"https:\/\/www.clubvillamar.fr\/blog\/\",\"logo\":{\"@type\":\"ImageObject\",\"inLanguage\":\"fr-FR\",\"@id\":\"https:\/\/www.clubvillamar.fr\/blog\/#\/schema\/logo\/image\/\",\"url\":\"https:\/\/www.clubvillamar.fr\/blog\/wp-content\/uploads\/2017\/10\/placeholder.jpg\",\"contentUrl\":\"https:\/\/www.clubvillamar.fr\/blog\/wp-content\/uploads\/2017\/10\/placeholder.jpg\",\"width\":1000,\"height\":1000,\"caption\":\"Club Villamar\"},\"image\":{\"@id\":\"https:\/\/www.clubvillamar.fr\/blog\/#\/schema\/logo\/image\/\"}},{\"@type\":\"Person\",\"@id\":\"https:\/\/www.clubvillamar.fr\/blog\/#\/schema\/person\/603e65b5e4bf24837757a4b58cfe7b62\",\"name\":\"Club Villamar\",\"image\":{\"@type\":\"ImageObject\",\"inLanguage\":\"fr-FR\",\"@id\":\"https:\/\/www.clubvillamar.fr\/blog\/#\/schema\/person\/image\/\",\"url\":\"https:\/\/secure.gravatar.com\/avatar\/6b7b837342835f6b0ba134ae80b58a01?s=96&d=mm&r=g\",\"contentUrl\":\"https:\/\/secure.gravatar.com\/avatar\/6b7b837342835f6b0ba134ae80b58a01?s=96&d=mm&r=g\",\"caption\":\"Club Villamar\"},\"sameAs\":[\"https:\/\/www.clubvillamar.fr\"],\"url\":\"https:\/\/www.clubvillamar.fr\/blog\/author\/marketing\/\"}]}<\/script>\n<!-- \/ Yoast SEO plugin. -->","yoast_head_json":{"title":"1 journ\u00e9e artistique avec Dali","description":"Marchez sur les pas de Salvador Dali en Catalogne ! Pour mieux conna\u00eetre l\u2019artiste, visitez son mus\u00e9e-th\u00e9\u00e2tre \u00e0 Figueras et sa maison \u00e0 Port Lligat.","robots":{"index":"index","follow":"follow","max-snippet":"max-snippet:-1","max-image-preview":"max-image-preview:large","max-video-preview":"max-video-preview:-1"},"canonical":"https:\/\/www.clubvillamar.fr\/blog\/espagne\/costa-brava\/lloret-de-mar\/1-journee-artistique-avec-dali\/","og_locale":"fr_FR","og_type":"article","og_title":"1 journ\u00e9e artistique avec Dali","og_description":"Marchez sur les pas de Salvador Dali en Catalogne ! Pour mieux conna\u00eetre l\u2019artiste, visitez son mus\u00e9e-th\u00e9\u00e2tre \u00e0 Figueras et sa maison \u00e0 Port Lligat.","og_url":"https:\/\/www.clubvillamar.fr\/blog\/espagne\/costa-brava\/lloret-de-mar\/1-journee-artistique-avec-dali\/","og_site_name":"Club Villamar","article_published_time":"2018-02-18T10:47:02+00:00","article_modified_time":"2020-05-05T15:42:37+00:00","og_image":[{"width":1024,"height":683,"url":"https:\/\/www.clubvillamar.fr\/blog\/wp-content\/uploads\/2018\/02\/185-Dali-1024x683.jpg","type":"image\/jpeg"}],"author":"Club Villamar","twitter_card":"summary_large_image","twitter_misc":{"\u00c9crit par":"Club Villamar","Dur\u00e9e de lecture estim\u00e9e":"6 minutes"},"schema":{"@context":"https:\/\/schema.org","@graph":[{"@type":"Article","@id":"https:\/\/www.clubvillamar.fr\/blog\/espagne\/costa-brava\/lloret-de-mar\/1-journee-artistique-avec-dali\/#article","isPartOf":{"@id":"https:\/\/www.clubvillamar.fr\/blog\/espagne\/costa-brava\/lloret-de-mar\/1-journee-artistique-avec-dali\/"},"author":{"name":"Club Villamar","@id":"https:\/\/www.clubvillamar.fr\/blog\/#\/schema\/person\/603e65b5e4bf24837757a4b58cfe7b62"},"headline":"Une journ\u00e9e artistique avec Dali pendant votre s\u00e9jour sur la Costa Brava","datePublished":"2018-02-18T10:47:02+00:00","dateModified":"2020-05-05T15:42:37+00:00","mainEntityOfPage":{"@id":"https:\/\/www.clubvillamar.fr\/blog\/espagne\/costa-brava\/lloret-de-mar\/1-journee-artistique-avec-dali\/"},"wordCount":1116,"publisher":{"@id":"https:\/\/www.clubvillamar.fr\/blog\/#organization"},"image":{"@id":"https:\/\/www.clubvillamar.fr\/blog\/espagne\/costa-brava\/lloret-de-mar\/1-journee-artistique-avec-dali\/#primaryimage"},"thumbnailUrl":"https:\/\/www.clubvillamar.fr\/blog\/wp-content\/uploads\/2018\/02\/185-Dali.jpg","keywords":["lloret de mar","Costa Brava","espagne"],"articleSection":["Espagne","Lloret de Mar","Costa Brava"],"inLanguage":"fr-FR"},{"@type":"WebPage","@id":"https:\/\/www.clubvillamar.fr\/blog\/espagne\/costa-brava\/lloret-de-mar\/1-journee-artistique-avec-dali\/","url":"https:\/\/www.clubvillamar.fr\/blog\/espagne\/costa-brava\/lloret-de-mar\/1-journee-artistique-avec-dali\/","name":"1 journ\u00e9e artistique avec Dali","isPartOf":{"@id":"https:\/\/www.clubvillamar.fr\/blog\/#website"},"primaryImageOfPage":{"@id":"https:\/\/www.clubvillamar.fr\/blog\/espagne\/costa-brava\/lloret-de-mar\/1-journee-artistique-avec-dali\/#primaryimage"},"image":{"@id":"https:\/\/www.clubvillamar.fr\/blog\/espagne\/costa-brava\/lloret-de-mar\/1-journee-artistique-avec-dali\/#primaryimage"},"thumbnailUrl":"https:\/\/www.clubvillamar.fr\/blog\/wp-content\/uploads\/2018\/02\/185-Dali.jpg","datePublished":"2018-02-18T10:47:02+00:00","dateModified":"2020-05-05T15:42:37+00:00","description":"Marchez sur les pas de Salvador Dali en Catalogne ! Pour mieux conna\u00eetre l\u2019artiste, visitez son mus\u00e9e-th\u00e9\u00e2tre \u00e0 Figueras et sa maison \u00e0 Port Lligat.","breadcrumb":{"@id":"https:\/\/www.clubvillamar.fr\/blog\/espagne\/costa-brava\/lloret-de-mar\/1-journee-artistique-avec-dali\/#breadcrumb"},"inLanguage":"fr-FR","potentialAction":[{"@type":"ReadAction","target":["https:\/\/www.clubvillamar.fr\/blog\/espagne\/costa-brava\/lloret-de-mar\/1-journee-artistique-avec-dali\/"]}]},{"@type":"ImageObject","inLanguage":"fr-FR","@id":"https:\/\/www.clubvillamar.fr\/blog\/espagne\/costa-brava\/lloret-de-mar\/1-journee-artistique-avec-dali\/#primaryimage","url":"https:\/\/www.clubvillamar.fr\/blog\/wp-content\/uploads\/2018\/02\/185-Dali.jpg","contentUrl":"https:\/\/www.clubvillamar.fr\/blog\/wp-content\/uploads\/2018\/02\/185-Dali.jpg","width":5184,"height":3456},{"@type":"BreadcrumbList","@id":"https:\/\/www.clubvillamar.fr\/blog\/espagne\/costa-brava\/lloret-de-mar\/1-journee-artistique-avec-dali\/#breadcrumb","itemListElement":[{"@type":"ListItem","position":1,"name":"Accueil","item":"https:\/\/www.clubvillamar.fr\/blog\/"},{"@type":"ListItem","position":2,"name":"Une journ\u00e9e artistique avec Dali pendant votre s\u00e9jour sur la Costa Brava"}]},{"@type":"WebSite","@id":"https:\/\/www.clubvillamar.fr\/blog\/#website","url":"https:\/\/www.clubvillamar.fr\/blog\/","name":"Club Villamar","description":"D\u00e9tendez-vous au bord de la piscine de votre villa espagnole","publisher":{"@id":"https:\/\/www.clubvillamar.fr\/blog\/#organization"},"potentialAction":[{"@type":"SearchAction","target":{"@type":"EntryPoint","urlTemplate":"https:\/\/www.clubvillamar.fr\/blog\/?s={search_term_string}"},"query-input":"required name=search_term_string"}],"inLanguage":"fr-FR"},{"@type":"Organization","@id":"https:\/\/www.clubvillamar.fr\/blog\/#organization","name":"Club Villamar","url":"https:\/\/www.clubvillamar.fr\/blog\/","logo":{"@type":"ImageObject","inLanguage":"fr-FR","@id":"https:\/\/www.clubvillamar.fr\/blog\/#\/schema\/logo\/image\/","url":"https:\/\/www.clubvillamar.fr\/blog\/wp-content\/uploads\/2017\/10\/placeholder.jpg","contentUrl":"https:\/\/www.clubvillamar.fr\/blog\/wp-content\/uploads\/2017\/10\/placeholder.jpg","width":1000,"height":1000,"caption":"Club Villamar"},"image":{"@id":"https:\/\/www.clubvillamar.fr\/blog\/#\/schema\/logo\/image\/"}},{"@type":"Person","@id":"https:\/\/www.clubvillamar.fr\/blog\/#\/schema\/person\/603e65b5e4bf24837757a4b58cfe7b62","name":"Club Villamar","image":{"@type":"ImageObject","inLanguage":"fr-FR","@id":"https:\/\/www.clubvillamar.fr\/blog\/#\/schema\/person\/image\/","url":"https:\/\/secure.gravatar.com\/avatar\/6b7b837342835f6b0ba134ae80b58a01?s=96&d=mm&r=g","contentUrl":"https:\/\/secure.gravatar.com\/avatar\/6b7b837342835f6b0ba134ae80b58a01?s=96&d=mm&r=g","caption":"Club Villamar"},"sameAs":["https:\/\/www.clubvillamar.fr"],"url":"https:\/\/www.clubvillamar.fr\/blog\/author\/marketing\/"}]}},"jetpack_sharing_enabled":true,"jetpack_featured_media_url":"https:\/\/www.clubvillamar.fr\/blog\/wp-content\/uploads\/2018\/02\/185-Dali.jpg","jetpack_shortlink":"https:\/\/wp.me\/p9DamS-5Zc","_links":{"self":[{"href":"https:\/\/www.clubvillamar.fr\/blog\/wp-json\/wp\/v2\/posts\/23014"}],"collection":[{"href":"https:\/\/www.clubvillamar.fr\/blog\/wp-json\/wp\/v2\/posts"}],"about":[{"href":"https:\/\/www.clubvillamar.fr\/blog\/wp-json\/wp\/v2\/types\/post"}],"author":[{"embeddable":true,"href":"https:\/\/www.clubvillamar.fr\/blog\/wp-json\/wp\/v2\/users\/3"}],"replies":[{"embeddable":true,"href":"https:\/\/www.clubvillamar.fr\/blog\/wp-json\/wp\/v2\/comments?post=23014"}],"version-history":[{"count":3,"href":"https:\/\/www.clubvillamar.fr\/blog\/wp-json\/wp\/v2\/posts\/23014\/revisions"}],"predecessor-version":[{"id":27724,"href":"https:\/\/www.clubvillamar.fr\/blog\/wp-json\/wp\/v2\/posts\/23014\/revisions\/27724"}],"wp:featuredmedia":[{"embeddable":true,"href":"https:\/\/www.clubvillamar.fr\/blog\/wp-json\/wp\/v2\/media\/23734"}],"wp:attachment":[{"href":"https:\/\/www.clubvillamar.fr\/blog\/wp-json\/wp\/v2\/media?parent=23014"}],"wp:term":[{"taxonomy":"category","embeddable":true,"href":"https:\/\/www.clubvillamar.fr\/blog\/wp-json\/wp\/v2\/categories?post=23014"},{"taxonomy":"post_tag","embeddable":true,"href":"https:\/\/www.clubvillamar.fr\/blog\/wp-json\/wp\/v2\/tags?post=23014"}],"curies":[{"name":"wp","href":"https:\/\/api.w.org\/{rel}","templated":true}]}}