{"id":23173,"date":"2018-02-18T10:48:02","date_gmt":"2018-02-18T10:48:02","guid":{"rendered":"https:\/\/www.clubvillamar.fr\/blog\/?p=23173"},"modified":"2018-03-19T11:10:07","modified_gmt":"2018-03-19T11:10:07","slug":"promenades-a-velo-et-cyclisme","status":"publish","type":"post","link":"https:\/\/www.clubvillamar.fr\/blog\/espagne\/costa-brava\/blanes\/promenades-a-velo-et-cyclisme\/","title":{"rendered":"Promenades \u00e0 v\u00e9lo et cyclisme"},"content":{"rendered":"<p><strong><img decoding=\"async\" class=\"alignnone size-full wp-image-30271\" src=\"https:\/\/www.clubvillamar.com\/blog\/wp-content\/uploads\/2018\/01\/329-Blanes-view.jpg\" alt=\"\" width=\"3342\" height=\"2228\" \/>Au sud de la Costa Brava, laissez-vous s\u00e9duire par la beaut\u00e9 de l\u2019environnement naturel de Blanes. Profitez de vos vacances dans la station baln\u00e9aire pour d\u00e9couvrir de beaux paysages, maritimes ou montagneux, \u00e0 votre rythme. <\/strong><\/p>\n<p><strong>Comment ? Et si vous optiez pour le v\u00e9lo ? Amateurs de cyclotourisme ou, plus simplement, de promenades \u00e0 v\u00e9lo pourront s\u2019en donner \u00e0 c\u0153ur joie et parcourir les recoins cach\u00e9s de la Costa Brava. <\/strong><\/p>\n<p><strong>Partez pour un voyage atemporel en Catalogne !<\/strong><\/p>\n<h2>D\u00e9couvrez le sud de la Costa Brava \u00e0 votre rythme<\/h2>\n<p>La <strong>ville de Blanes b\u00e9n\u00e9ficie d\u2019un climat doux toute l\u2019ann\u00e9e,<\/strong> id\u00e9al pour faire du sport. Au cours de vos promenades, vous appr\u00e9cierez la diversit\u00e9 des paysages.<\/p>\n<p>Il faut dire que <a href=\"http:\/\/velo.catalunyaexperience.fr\/\" target=\"_blank\" rel=\"noopener\">la Catalogne est une belle r\u00e9gion pour pratiquer le tourisme \u00e0 v\u00e9lo<\/a>. Elle compte de nombreux itin\u00e9raires et voies am\u00e9nag\u00e9s pour la pratique de ce sport. Une activit\u00e9 dynamique et agr\u00e9able mais aussi respectueuse de l\u2019environnement. En particulier, Blanes dispose d\u2019une <strong>certification cyclotourisme<\/strong> qui lui a \u00e9t\u00e9 attribu\u00e9e par l\u2019Agence du Tourisme Catalan.<\/p>\n<p>Que vous soyez <strong>plut\u00f4t cyclotourisme (autrement dit promenades \u00e0 v\u00e9lo) ou cyclisme (plus intense),<\/strong> vous \u00e9voluerez \u00e0 votre rythme, en famille ou entre amis. Pas besoin d\u2019\u00eatre de grands sportifs mais seulement de se laisser porter par les diff\u00e9rents itin\u00e9raires possibles. Pour cela renseignez-vous d\u00e8s maintenant gr\u00e2ce \u00e0 notre paragraphe ci-dessous d\u00e9di\u00e9 aux <strong>itin\u00e9raires \u00e0 v\u00e9lo et VTT \u00e0 Blanes et autour.<\/strong><\/p>\n<p><strong>Paysages enchanteurs, activit\u00e9s sportives, plages de r\u00eave : Blanes a tout pour plaire. Faites de cette ville de la Costa Brava votre prochaine destination de vacances ! Vous ne serez pas d\u00e9\u00e7us !<\/strong><\/p>\n<h4><a href=\"https:\/\/www.clubvillamar.fr\/villas\/espagne\/costa-brava\/blanes\" target=\"_blank\" rel=\"noopener\">Voir les locations de vacances \u00e0 Blanes.<\/a><\/h4>\n<h2>Les itin\u00e9raires v\u00e9lo et VTT autour de Blanes<\/h2>\n<p>Pour ceux qui pr\u00e9f\u00e8rent se promener tranquillement sur de petits parcours, vous pourrez longer la <a href=\"#LP_336\" target=\"_blank\" rel=\"noopener\">plage principale de Blanes<\/a> et de <a href=\"#LP_338\" target=\"_blank\" rel=\"noopener\">S\u2019Abanell<\/a> \u00e0 v\u00e9lo, le matin ou le soir. Profitez de la fra\u00eecheur pour <strong>admirer un paysage maritime sublime !<\/strong><\/p>\n<p>Pour les plus sportifs, comme on vous le disait plus haut, <strong>ce ne sont pas les itin\u00e9raires VTT et v\u00e9lo qui manquent sur la Costa Brava<\/strong> ! Si vous \u00eates \u00e0 Blanes, <a href=\"http:\/\/www.visitblanes.net\/upload\/file\/CICLOTURISME%20DEFINIITU.pdf\" target=\"_blank\" rel=\"noopener\">l\u2019Office de tourisme propose une fiche explicative tr\u00e8s bien faite<\/a> comprenant <strong>13 itin\u00e9raires allant de 38 \u00e0 presque 140 km<\/strong>. Au d\u00e9part de diff\u00e9rentes villes de la Costa Brava, vous \u00e9voluerez sur des parcours de difficult\u00e9s vari\u00e9es.<\/p>\n<p>Le <strong>site communautaire wikiloc<\/strong> propose \u00e9galement de <a href=\"https:\/\/fr.wikiloc.com\/itineraires\/cyclisme\/espagne\/catalogne\/blanes\" target=\"_blank\" rel=\"noopener\">nombreux itin\u00e9raires autour de la station baln\u00e9aire<\/a> ainsi que diverses informations utiles.<\/p>\n<p>D\u00e9couvrez au fil de vos roues les <strong>richesses naturelles et historiques de la Catalogne<\/strong> et profitez de paysages hors du commun !<\/p>\n","protected":false},"excerpt":{"rendered":"<p>Amateurs de cyclisme, d\u00e9couvrez les paysages de la Costa Brava \u00e0 v\u00e9lo ! Au d\u00e9part de Blanes, plusieurs itin\u00e9raires VTT vous r\u00e9servent de belles surprises.<\/p>\n","protected":false},"author":3,"featured_media":23440,"comment_status":"closed","ping_status":"closed","sticky":false,"template":"","format":"standard","meta":{"inline_featured_image":false,"_monsterinsights_skip_tracking":false,"_monsterinsights_sitenote_active":false,"_monsterinsights_sitenote_note":"","_monsterinsights_sitenote_category":0,"jetpack_post_was_ever_published":false,"_jetpack_newsletter_access":"","_jetpack_dont_email_post_to_subs":false,"_jetpack_newsletter_tier_id":0,"footnotes":"","jetpack_publicize_message":"","jetpack_publicize_feature_enabled":true,"jetpack_social_post_already_shared":true,"jetpack_social_options":{"image_generator_settings":{"template":"highway","enabled":false}}},"categories":[6836,7219,7300],"tags":[1840,2069,6876],"jetpack_publicize_connections":[],"yoast_head":"<!-- This site is optimized with the Yoast SEO plugin v22.2 - https:\/\/yoast.com\/wordpress\/plugins\/seo\/ -->\n<title>Promenades \u00e0 v\u00e9lo et cyclisme<\/title>\n<meta name=\"description\" content=\"Amateurs de cyclisme, d\u00e9couvrez les paysages de la Costa Brava \u00e0 v\u00e9lo ! Au d\u00e9part de Blanes, plusieurs itin\u00e9raires VTT vous r\u00e9servent de belles surprises.\" \/>\n<meta name=\"robots\" content=\"index, follow, max-snippet:-1, max-image-preview:large, max-video-preview:-1\" \/>\n<link rel=\"canonical\" href=\"https:\/\/www.clubvillamar.fr\/blog\/espagne\/costa-brava\/blanes\/promenades-a-velo-et-cyclisme\/\" \/>\n<meta property=\"og:locale\" content=\"fr_FR\" \/>\n<meta property=\"og:type\" content=\"article\" \/>\n<meta property=\"og:title\" content=\"Promenades \u00e0 v\u00e9lo et cyclisme\" \/>\n<meta property=\"og:description\" content=\"Amateurs de cyclisme, d\u00e9couvrez les paysages de la Costa Brava \u00e0 v\u00e9lo ! Au d\u00e9part de Blanes, plusieurs itin\u00e9raires VTT vous r\u00e9servent de belles surprises.\" \/>\n<meta property=\"og:url\" content=\"https:\/\/www.clubvillamar.fr\/blog\/espagne\/costa-brava\/blanes\/promenades-a-velo-et-cyclisme\/\" \/>\n<meta property=\"og:site_name\" content=\"Club Villamar\" \/>\n<meta property=\"article:published_time\" content=\"2018-02-18T10:48:02+00:00\" \/>\n<meta property=\"article:modified_time\" content=\"2018-03-19T11:10:07+00:00\" \/>\n<meta property=\"og:image\" content=\"https:\/\/www.clubvillamar.fr\/blog\/wp-content\/uploads\/2018\/02\/329-Blanes-view-1024x683.jpg\" \/>\n\t<meta property=\"og:image:width\" content=\"1024\" \/>\n\t<meta property=\"og:image:height\" content=\"683\" \/>\n\t<meta property=\"og:image:type\" content=\"image\/jpeg\" \/>\n<meta name=\"author\" content=\"Club Villamar\" \/>\n<meta name=\"twitter:card\" content=\"summary_large_image\" \/>\n<meta name=\"twitter:label1\" content=\"\u00c9crit par\" \/>\n\t<meta name=\"twitter:data1\" content=\"Club Villamar\" \/>\n\t<meta name=\"twitter:label2\" content=\"Dur\u00e9e de lecture estim\u00e9e\" \/>\n\t<meta name=\"twitter:data2\" content=\"2 minutes\" \/>\n<script type=\"application\/ld+json\" class=\"yoast-schema-graph\">{\"@context\":\"https:\/\/schema.org\",\"@graph\":[{\"@type\":\"Article\",\"@id\":\"https:\/\/www.clubvillamar.fr\/blog\/espagne\/costa-brava\/blanes\/promenades-a-velo-et-cyclisme\/#article\",\"isPartOf\":{\"@id\":\"https:\/\/www.clubvillamar.fr\/blog\/espagne\/costa-brava\/blanes\/promenades-a-velo-et-cyclisme\/\"},\"author\":{\"name\":\"Club Villamar\",\"@id\":\"https:\/\/www.clubvillamar.fr\/blog\/#\/schema\/person\/603e65b5e4bf24837757a4b58cfe7b62\"},\"headline\":\"Promenades \u00e0 v\u00e9lo et cyclisme\",\"datePublished\":\"2018-02-18T10:48:02+00:00\",\"dateModified\":\"2018-03-19T11:10:07+00:00\",\"mainEntityOfPage\":{\"@id\":\"https:\/\/www.clubvillamar.fr\/blog\/espagne\/costa-brava\/blanes\/promenades-a-velo-et-cyclisme\/\"},\"wordCount\":469,\"publisher\":{\"@id\":\"https:\/\/www.clubvillamar.fr\/blog\/#organization\"},\"image\":{\"@id\":\"https:\/\/www.clubvillamar.fr\/blog\/espagne\/costa-brava\/blanes\/promenades-a-velo-et-cyclisme\/#primaryimage\"},\"thumbnailUrl\":\"https:\/\/www.clubvillamar.fr\/blog\/wp-content\/uploads\/2018\/02\/329-Blanes-view.jpg\",\"keywords\":[\"Costa Brava\",\"blanes\",\"espagne\"],\"articleSection\":[\"Espagne\",\"Costa Brava\",\"Blanes\"],\"inLanguage\":\"fr-FR\"},{\"@type\":\"WebPage\",\"@id\":\"https:\/\/www.clubvillamar.fr\/blog\/espagne\/costa-brava\/blanes\/promenades-a-velo-et-cyclisme\/\",\"url\":\"https:\/\/www.clubvillamar.fr\/blog\/espagne\/costa-brava\/blanes\/promenades-a-velo-et-cyclisme\/\",\"name\":\"Promenades \u00e0 v\u00e9lo et cyclisme\",\"isPartOf\":{\"@id\":\"https:\/\/www.clubvillamar.fr\/blog\/#website\"},\"primaryImageOfPage\":{\"@id\":\"https:\/\/www.clubvillamar.fr\/blog\/espagne\/costa-brava\/blanes\/promenades-a-velo-et-cyclisme\/#primaryimage\"},\"image\":{\"@id\":\"https:\/\/www.clubvillamar.fr\/blog\/espagne\/costa-brava\/blanes\/promenades-a-velo-et-cyclisme\/#primaryimage\"},\"thumbnailUrl\":\"https:\/\/www.clubvillamar.fr\/blog\/wp-content\/uploads\/2018\/02\/329-Blanes-view.jpg\",\"datePublished\":\"2018-02-18T10:48:02+00:00\",\"dateModified\":\"2018-03-19T11:10:07+00:00\",\"description\":\"Amateurs de cyclisme, d\u00e9couvrez les paysages de la Costa Brava \u00e0 v\u00e9lo ! Au d\u00e9part de Blanes, plusieurs itin\u00e9raires VTT vous r\u00e9servent de belles surprises.\",\"breadcrumb\":{\"@id\":\"https:\/\/www.clubvillamar.fr\/blog\/espagne\/costa-brava\/blanes\/promenades-a-velo-et-cyclisme\/#breadcrumb\"},\"inLanguage\":\"fr-FR\",\"potentialAction\":[{\"@type\":\"ReadAction\",\"target\":[\"https:\/\/www.clubvillamar.fr\/blog\/espagne\/costa-brava\/blanes\/promenades-a-velo-et-cyclisme\/\"]}]},{\"@type\":\"ImageObject\",\"inLanguage\":\"fr-FR\",\"@id\":\"https:\/\/www.clubvillamar.fr\/blog\/espagne\/costa-brava\/blanes\/promenades-a-velo-et-cyclisme\/#primaryimage\",\"url\":\"https:\/\/www.clubvillamar.fr\/blog\/wp-content\/uploads\/2018\/02\/329-Blanes-view.jpg\",\"contentUrl\":\"https:\/\/www.clubvillamar.fr\/blog\/wp-content\/uploads\/2018\/02\/329-Blanes-view.jpg\",\"width\":3342,\"height\":2228},{\"@type\":\"BreadcrumbList\",\"@id\":\"https:\/\/www.clubvillamar.fr\/blog\/espagne\/costa-brava\/blanes\/promenades-a-velo-et-cyclisme\/#breadcrumb\",\"itemListElement\":[{\"@type\":\"ListItem\",\"position\":1,\"name\":\"Accueil\",\"item\":\"https:\/\/www.clubvillamar.fr\/blog\/\"},{\"@type\":\"ListItem\",\"position\":2,\"name\":\"Promenades \u00e0 v\u00e9lo et cyclisme\"}]},{\"@type\":\"WebSite\",\"@id\":\"https:\/\/www.clubvillamar.fr\/blog\/#website\",\"url\":\"https:\/\/www.clubvillamar.fr\/blog\/\",\"name\":\"Club Villamar\",\"description\":\"D\u00e9tendez-vous au bord de la piscine de votre villa espagnole\",\"publisher\":{\"@id\":\"https:\/\/www.clubvillamar.fr\/blog\/#organization\"},\"potentialAction\":[{\"@type\":\"SearchAction\",\"target\":{\"@type\":\"EntryPoint\",\"urlTemplate\":\"https:\/\/www.clubvillamar.fr\/blog\/?s={search_term_string}\"},\"query-input\":\"required name=search_term_string\"}],\"inLanguage\":\"fr-FR\"},{\"@type\":\"Organization\",\"@id\":\"https:\/\/www.clubvillamar.fr\/blog\/#organization\",\"name\":\"Club Villamar\",\"url\":\"https:\/\/www.clubvillamar.fr\/blog\/\",\"logo\":{\"@type\":\"ImageObject\",\"inLanguage\":\"fr-FR\",\"@id\":\"https:\/\/www.clubvillamar.fr\/blog\/#\/schema\/logo\/image\/\",\"url\":\"https:\/\/www.clubvillamar.fr\/blog\/wp-content\/uploads\/2017\/10\/placeholder.jpg\",\"contentUrl\":\"https:\/\/www.clubvillamar.fr\/blog\/wp-content\/uploads\/2017\/10\/placeholder.jpg\",\"width\":1000,\"height\":1000,\"caption\":\"Club Villamar\"},\"image\":{\"@id\":\"https:\/\/www.clubvillamar.fr\/blog\/#\/schema\/logo\/image\/\"}},{\"@type\":\"Person\",\"@id\":\"https:\/\/www.clubvillamar.fr\/blog\/#\/schema\/person\/603e65b5e4bf24837757a4b58cfe7b62\",\"name\":\"Club Villamar\",\"image\":{\"@type\":\"ImageObject\",\"inLanguage\":\"fr-FR\",\"@id\":\"https:\/\/www.clubvillamar.fr\/blog\/#\/schema\/person\/image\/\",\"url\":\"https:\/\/secure.gravatar.com\/avatar\/6b7b837342835f6b0ba134ae80b58a01?s=96&d=mm&r=g\",\"contentUrl\":\"https:\/\/secure.gravatar.com\/avatar\/6b7b837342835f6b0ba134ae80b58a01?s=96&d=mm&r=g\",\"caption\":\"Club Villamar\"},\"sameAs\":[\"https:\/\/www.clubvillamar.fr\"],\"url\":\"https:\/\/www.clubvillamar.fr\/blog\/author\/marketing\/\"}]}<\/script>\n<!-- \/ Yoast SEO plugin. -->","yoast_head_json":{"title":"Promenades \u00e0 v\u00e9lo et cyclisme","description":"Amateurs de cyclisme, d\u00e9couvrez les paysages de la Costa Brava \u00e0 v\u00e9lo ! Au d\u00e9part de Blanes, plusieurs itin\u00e9raires VTT vous r\u00e9servent de belles surprises.","robots":{"index":"index","follow":"follow","max-snippet":"max-snippet:-1","max-image-preview":"max-image-preview:large","max-video-preview":"max-video-preview:-1"},"canonical":"https:\/\/www.clubvillamar.fr\/blog\/espagne\/costa-brava\/blanes\/promenades-a-velo-et-cyclisme\/","og_locale":"fr_FR","og_type":"article","og_title":"Promenades \u00e0 v\u00e9lo et cyclisme","og_description":"Amateurs de cyclisme, d\u00e9couvrez les paysages de la Costa Brava \u00e0 v\u00e9lo ! Au d\u00e9part de Blanes, plusieurs itin\u00e9raires VTT vous r\u00e9servent de belles surprises.","og_url":"https:\/\/www.clubvillamar.fr\/blog\/espagne\/costa-brava\/blanes\/promenades-a-velo-et-cyclisme\/","og_site_name":"Club Villamar","article_published_time":"2018-02-18T10:48:02+00:00","article_modified_time":"2018-03-19T11:10:07+00:00","og_image":[{"width":1024,"height":683,"url":"https:\/\/www.clubvillamar.fr\/blog\/wp-content\/uploads\/2018\/02\/329-Blanes-view-1024x683.jpg","type":"image\/jpeg"}],"author":"Club Villamar","twitter_card":"summary_large_image","twitter_misc":{"\u00c9crit par":"Club Villamar","Dur\u00e9e de lecture estim\u00e9e":"2 minutes"},"schema":{"@context":"https:\/\/schema.org","@graph":[{"@type":"Article","@id":"https:\/\/www.clubvillamar.fr\/blog\/espagne\/costa-brava\/blanes\/promenades-a-velo-et-cyclisme\/#article","isPartOf":{"@id":"https:\/\/www.clubvillamar.fr\/blog\/espagne\/costa-brava\/blanes\/promenades-a-velo-et-cyclisme\/"},"author":{"name":"Club Villamar","@id":"https:\/\/www.clubvillamar.fr\/blog\/#\/schema\/person\/603e65b5e4bf24837757a4b58cfe7b62"},"headline":"Promenades \u00e0 v\u00e9lo et cyclisme","datePublished":"2018-02-18T10:48:02+00:00","dateModified":"2018-03-19T11:10:07+00:00","mainEntityOfPage":{"@id":"https:\/\/www.clubvillamar.fr\/blog\/espagne\/costa-brava\/blanes\/promenades-a-velo-et-cyclisme\/"},"wordCount":469,"publisher":{"@id":"https:\/\/www.clubvillamar.fr\/blog\/#organization"},"image":{"@id":"https:\/\/www.clubvillamar.fr\/blog\/espagne\/costa-brava\/blanes\/promenades-a-velo-et-cyclisme\/#primaryimage"},"thumbnailUrl":"https:\/\/www.clubvillamar.fr\/blog\/wp-content\/uploads\/2018\/02\/329-Blanes-view.jpg","keywords":["Costa Brava","blanes","espagne"],"articleSection":["Espagne","Costa Brava","Blanes"],"inLanguage":"fr-FR"},{"@type":"WebPage","@id":"https:\/\/www.clubvillamar.fr\/blog\/espagne\/costa-brava\/blanes\/promenades-a-velo-et-cyclisme\/","url":"https:\/\/www.clubvillamar.fr\/blog\/espagne\/costa-brava\/blanes\/promenades-a-velo-et-cyclisme\/","name":"Promenades \u00e0 v\u00e9lo et cyclisme","isPartOf":{"@id":"https:\/\/www.clubvillamar.fr\/blog\/#website"},"primaryImageOfPage":{"@id":"https:\/\/www.clubvillamar.fr\/blog\/espagne\/costa-brava\/blanes\/promenades-a-velo-et-cyclisme\/#primaryimage"},"image":{"@id":"https:\/\/www.clubvillamar.fr\/blog\/espagne\/costa-brava\/blanes\/promenades-a-velo-et-cyclisme\/#primaryimage"},"thumbnailUrl":"https:\/\/www.clubvillamar.fr\/blog\/wp-content\/uploads\/2018\/02\/329-Blanes-view.jpg","datePublished":"2018-02-18T10:48:02+00:00","dateModified":"2018-03-19T11:10:07+00:00","description":"Amateurs de cyclisme, d\u00e9couvrez les paysages de la Costa Brava \u00e0 v\u00e9lo ! Au d\u00e9part de Blanes, plusieurs itin\u00e9raires VTT vous r\u00e9servent de belles surprises.","breadcrumb":{"@id":"https:\/\/www.clubvillamar.fr\/blog\/espagne\/costa-brava\/blanes\/promenades-a-velo-et-cyclisme\/#breadcrumb"},"inLanguage":"fr-FR","potentialAction":[{"@type":"ReadAction","target":["https:\/\/www.clubvillamar.fr\/blog\/espagne\/costa-brava\/blanes\/promenades-a-velo-et-cyclisme\/"]}]},{"@type":"ImageObject","inLanguage":"fr-FR","@id":"https:\/\/www.clubvillamar.fr\/blog\/espagne\/costa-brava\/blanes\/promenades-a-velo-et-cyclisme\/#primaryimage","url":"https:\/\/www.clubvillamar.fr\/blog\/wp-content\/uploads\/2018\/02\/329-Blanes-view.jpg","contentUrl":"https:\/\/www.clubvillamar.fr\/blog\/wp-content\/uploads\/2018\/02\/329-Blanes-view.jpg","width":3342,"height":2228},{"@type":"BreadcrumbList","@id":"https:\/\/www.clubvillamar.fr\/blog\/espagne\/costa-brava\/blanes\/promenades-a-velo-et-cyclisme\/#breadcrumb","itemListElement":[{"@type":"ListItem","position":1,"name":"Accueil","item":"https:\/\/www.clubvillamar.fr\/blog\/"},{"@type":"ListItem","position":2,"name":"Promenades \u00e0 v\u00e9lo et cyclisme"}]},{"@type":"WebSite","@id":"https:\/\/www.clubvillamar.fr\/blog\/#website","url":"https:\/\/www.clubvillamar.fr\/blog\/","name":"Club Villamar","description":"D\u00e9tendez-vous au bord de la piscine de votre villa espagnole","publisher":{"@id":"https:\/\/www.clubvillamar.fr\/blog\/#organization"},"potentialAction":[{"@type":"SearchAction","target":{"@type":"EntryPoint","urlTemplate":"https:\/\/www.clubvillamar.fr\/blog\/?s={search_term_string}"},"query-input":"required name=search_term_string"}],"inLanguage":"fr-FR"},{"@type":"Organization","@id":"https:\/\/www.clubvillamar.fr\/blog\/#organization","name":"Club Villamar","url":"https:\/\/www.clubvillamar.fr\/blog\/","logo":{"@type":"ImageObject","inLanguage":"fr-FR","@id":"https:\/\/www.clubvillamar.fr\/blog\/#\/schema\/logo\/image\/","url":"https:\/\/www.clubvillamar.fr\/blog\/wp-content\/uploads\/2017\/10\/placeholder.jpg","contentUrl":"https:\/\/www.clubvillamar.fr\/blog\/wp-content\/uploads\/2017\/10\/placeholder.jpg","width":1000,"height":1000,"caption":"Club Villamar"},"image":{"@id":"https:\/\/www.clubvillamar.fr\/blog\/#\/schema\/logo\/image\/"}},{"@type":"Person","@id":"https:\/\/www.clubvillamar.fr\/blog\/#\/schema\/person\/603e65b5e4bf24837757a4b58cfe7b62","name":"Club Villamar","image":{"@type":"ImageObject","inLanguage":"fr-FR","@id":"https:\/\/www.clubvillamar.fr\/blog\/#\/schema\/person\/image\/","url":"https:\/\/secure.gravatar.com\/avatar\/6b7b837342835f6b0ba134ae80b58a01?s=96&d=mm&r=g","contentUrl":"https:\/\/secure.gravatar.com\/avatar\/6b7b837342835f6b0ba134ae80b58a01?s=96&d=mm&r=g","caption":"Club Villamar"},"sameAs":["https:\/\/www.clubvillamar.fr"],"url":"https:\/\/www.clubvillamar.fr\/blog\/author\/marketing\/"}]}},"jetpack_sharing_enabled":true,"jetpack_featured_media_url":"https:\/\/www.clubvillamar.fr\/blog\/wp-content\/uploads\/2018\/02\/329-Blanes-view.jpg","jetpack_shortlink":"https:\/\/wp.me\/p9DamS-61L","_links":{"self":[{"href":"https:\/\/www.clubvillamar.fr\/blog\/wp-json\/wp\/v2\/posts\/23173"}],"collection":[{"href":"https:\/\/www.clubvillamar.fr\/blog\/wp-json\/wp\/v2\/posts"}],"about":[{"href":"https:\/\/www.clubvillamar.fr\/blog\/wp-json\/wp\/v2\/types\/post"}],"author":[{"embeddable":true,"href":"https:\/\/www.clubvillamar.fr\/blog\/wp-json\/wp\/v2\/users\/3"}],"replies":[{"embeddable":true,"href":"https:\/\/www.clubvillamar.fr\/blog\/wp-json\/wp\/v2\/comments?post=23173"}],"version-history":[{"count":4,"href":"https:\/\/www.clubvillamar.fr\/blog\/wp-json\/wp\/v2\/posts\/23173\/revisions"}],"predecessor-version":[{"id":24377,"href":"https:\/\/www.clubvillamar.fr\/blog\/wp-json\/wp\/v2\/posts\/23173\/revisions\/24377"}],"wp:featuredmedia":[{"embeddable":true,"href":"https:\/\/www.clubvillamar.fr\/blog\/wp-json\/wp\/v2\/media\/23440"}],"wp:attachment":[{"href":"https:\/\/www.clubvillamar.fr\/blog\/wp-json\/wp\/v2\/media?parent=23173"}],"wp:term":[{"taxonomy":"category","embeddable":true,"href":"https:\/\/www.clubvillamar.fr\/blog\/wp-json\/wp\/v2\/categories?post=23173"},{"taxonomy":"post_tag","embeddable":true,"href":"https:\/\/www.clubvillamar.fr\/blog\/wp-json\/wp\/v2\/tags?post=23173"}],"curies":[{"name":"wp","href":"https:\/\/api.w.org\/{rel}","templated":true}]}}