{"id":25122,"date":"2018-05-24T13:47:49","date_gmt":"2018-05-24T13:47:49","guid":{"rendered":"https:\/\/www.clubvillamar.fr\/blog\/?p=25122"},"modified":"2023-12-06T14:20:02","modified_gmt":"2023-12-06T14:20:02","slug":"4-marches-traditionnels-incontournables-de-costa-brava","status":"publish","type":"post","link":"https:\/\/www.clubvillamar.fr\/blog\/espagne\/4-marches-traditionnels-incontournables-de-costa-brava\/","title":{"rendered":"4 march\u00e9s traditionnels incontournables de la Costa Brava"},"content":{"rendered":"<p><img decoding=\"async\" class=\"alignnone size-full wp-image-25129\" src=\"https:\/\/www.clubvillamar.fr\/blog\/wp-content\/uploads\/2018\/05\/shutterstock_67669663.jpg\" alt=\"\" width=\"1920\" height=\"1080\" srcset=\"https:\/\/www.clubvillamar.fr\/blog\/wp-content\/uploads\/2018\/05\/shutterstock_67669663.jpg 1920w, https:\/\/www.clubvillamar.fr\/blog\/wp-content\/uploads\/2018\/05\/shutterstock_67669663-300x169.jpg 300w, https:\/\/www.clubvillamar.fr\/blog\/wp-content\/uploads\/2018\/05\/shutterstock_67669663-768x432.jpg 768w, https:\/\/www.clubvillamar.fr\/blog\/wp-content\/uploads\/2018\/05\/shutterstock_67669663-1024x576.jpg 1024w\" sizes=\"(max-width: 1920px) 100vw, 1920px\" \/><\/p>\n<p>Si vous envisagez de s\u00e9journer sur la Costa Brava et de louer une belle villa de vacances, il va bien falloir remplir le frigo et les placards de la cuisine\u00a0! Quoi de mieux que de profiter de vos vacances pour vous <strong>immerger dans la culture locale \u00e0 travers sa gastronomie<\/strong>. La Costa Brava regorge de march\u00e9s, notamment en p\u00e9riode estivale, et vous ne serez pas en manque d\u2019inspiration pour trouver les ingr\u00e9dients parfaits et pr\u00e9parer de bons petits plats.<\/p>\n<p>Voici toutefois un aper\u00e7u des march\u00e9s les plus embl\u00e9matiques de la Costa Brava.<\/p>\n<h2><strong><u>Mercat de Sant Antoni \u2013 Barcelona<\/u><\/strong><\/h2>\n<p><img decoding=\"async\" class=\"alignnone size-full wp-image-25130\" src=\"https:\/\/www.clubvillamar.fr\/blog\/wp-content\/uploads\/2018\/05\/Photo-sant-antoni.jpg\" alt=\"\" width=\"665\" height=\"374\" srcset=\"https:\/\/www.clubvillamar.fr\/blog\/wp-content\/uploads\/2018\/05\/Photo-sant-antoni.jpg 665w, https:\/\/www.clubvillamar.fr\/blog\/wp-content\/uploads\/2018\/05\/Photo-sant-antoni-300x169.jpg 300w\" sizes=\"(max-width: 665px) 100vw, 665px\" \/><\/p>\n<p>Si vous d\u00e9cidez de passer une journ\u00e9e (ou plus\u00a0!) \u00e0 Barcelone, ne ratez pas une escale au march\u00e9 de Sant Antoni. Plus que l\u2019\u00e9norme vari\u00e9t\u00e9 de produits propos\u00e9s, le march\u00e9 a en plus un <strong>int\u00e9r\u00eat architectural incontestable<\/strong>. L\u2019\u00e9difice a \u00e9t\u00e9 con\u00e7u par Antoni Rovira i Trias en <strong>1882<\/strong>. L&rsquo;\u00e9cu de Barcelone, couronn\u00e9 par la chauve-souris et l&rsquo;indication de l&rsquo;ann\u00e9e de sa construction, donne la bienvenue au-dessus de la porte principale. La <strong>structure m\u00e9tallique<\/strong>, typique des march\u00e9s couverts de cette \u00e9poque, couvre un vaste espace au c\u0153ur du quartier de l&rsquo;Eixample. \u00c0 l&rsquo;int\u00e9rieur du march\u00e9 vous trouverez des fruits, des l\u00e9gumes, du poisson ou de la viande. Mais ce qui fait v\u00e9ritablement son originalit\u00e9, c\u2019est la <strong>galerie qui entoure l\u2019enceinte<\/strong>, r\u00e9serv\u00e9e en semaine, aux \u00e9tals de v\u00eatements et d\u2019accessoires pour la maison, alors que les dimanches ce sont les livres, les timbres et les revues qui remplissent les sacs des collectionneurs. Venir se promener ici, tout particuli\u00e8rement les dimanches, constitue un rituel bien ancr\u00e9 chez les Barcelonais.<\/p>\n<p>Horaires : du lundi au jeudi (7h00 \u2013 14h30 et 17h30 \u2013 20h30). Les vendredis et samedis (7h00 \u2013 20h30) ainsi qu\u2019un march\u00e9 ext\u00e9rieur les Dimanches.<\/p>\n<p>Emplacement : Rue du compte d\u2019Urgell<\/p>\n<h2><strong><u>Mercat de Vic \u2013 Paisatges Barcelona<\/u><\/strong><\/h2>\n<p><img decoding=\"async\" class=\"alignnone size-full wp-image-25132\" src=\"https:\/\/www.clubvillamar.fr\/blog\/wp-content\/uploads\/2018\/05\/Photo-Vic.jpg\" alt=\"\" width=\"800\" height=\"533\" srcset=\"https:\/\/www.clubvillamar.fr\/blog\/wp-content\/uploads\/2018\/05\/Photo-Vic.jpg 800w, https:\/\/www.clubvillamar.fr\/blog\/wp-content\/uploads\/2018\/05\/Photo-Vic-300x200.jpg 300w, https:\/\/www.clubvillamar.fr\/blog\/wp-content\/uploads\/2018\/05\/Photo-Vic-768x512.jpg 768w\" sizes=\"(max-width: 800px) 100vw, 800px\" \/><\/p>\n<p>Entre Barcelone et G\u00e9rone, au c\u0153ur de la r\u00e9gion d\u2019Osona, dans la <strong>r\u00e9gion des Paisatges Barcelona<\/strong>, se cache une ville \u00e0 taille humaine qui rec\u00e8le bien des myst\u00e8res. Entre histoire et dynamisme, cette ville ne manque pas d\u2019\u00e9tonner les voyageurs. Vic poss\u00e8de un patrimoine culturel des plus impressionnants. Profitez de votre visite au march\u00e9 pour y passer un apr\u00e8s-midi, vous ne serez pas d\u00e9\u00e7us\u00a0! Plusieurs visites guid\u00e9es en fran\u00e7ais sont propos\u00e9es \u00e0 l\u2019Office de Tourisme pour d\u00e9couvrir les secrets du temple roman ou encore de l\u2019H\u00f4tel de Ville.<\/p>\n<p>Au c\u0153ur de la ville de Vic, <strong>la pla\u00e7a Major se transforme en march\u00e9 \u00e0 ciel ouvert<\/strong> tous les mardis et samedis. Animation incontournable, ce march\u00e9 existe depuis le IXe si\u00e8cle et constitue le rendez-vous hebdomadaire des petits et grands curieux. \u00c0 l\u2019\u00e9poque, alors que les arcades qui entourent actuellement le march\u00e9 n\u2019existaient pas, les commer\u00e7ants donnaient d\u00e9j\u00e0 rendez-vous aux badauds pour d\u00e9guster les sp\u00e9cialit\u00e9s locales. En effet, une des <strong>sp\u00e9cialit\u00e9s catalanes<\/strong> \u00e0 go\u00fbter absolument est la <em>llonganissa<\/em> de Vic, une saucisse s\u00e8che typique de la r\u00e9gion. Promenez-vous dans les all\u00e9es color\u00e9es du march\u00e9, humez cet air charg\u00e9 de saveurs, laissez-vous emporter par cette atmosph\u00e8re si particuli\u00e8re. Petite astuce : faites-y un tour le samedi pr\u00e9c\u00e9dant P\u00e2ques pour d\u00e9couvrir le march\u00e9 des rameaux, ou pendant les ponts de d\u00e9cembre pour profiter du march\u00e9 m\u00e9di\u00e9val.<\/p>\n<p>Horaires :\u00a0 les mardis (9h \u2013 13h) et samedis (9h \u2013 14h)<\/p>\n<p>Emplacement : Pla\u00e7a Major<\/p>\n<p>D\u00e9couvrez la <strong><a href=\"https:\/\/www.clubvillamar.fr\/villas\/espagne\/costa-brava\" target=\"_blank\" rel=\"noopener noreferrer\">location villa Costa Brava!<\/a><\/strong><\/p>\n<h2><strong><u>Mercat de la Seu d\u2019Urgell \u2013 Pirineus\u00a0<\/u><\/strong><\/h2>\n<p><img decoding=\"async\" class=\"alignnone size-full wp-image-25133\" src=\"https:\/\/www.clubvillamar.fr\/blog\/wp-content\/uploads\/2018\/05\/Photo-seu-durgell.jpg\" alt=\"\" width=\"800\" height=\"533\" srcset=\"https:\/\/www.clubvillamar.fr\/blog\/wp-content\/uploads\/2018\/05\/Photo-seu-durgell.jpg 800w, https:\/\/www.clubvillamar.fr\/blog\/wp-content\/uploads\/2018\/05\/Photo-seu-durgell-300x200.jpg 300w, https:\/\/www.clubvillamar.fr\/blog\/wp-content\/uploads\/2018\/05\/Photo-seu-durgell-768x512.jpg 768w\" sizes=\"(max-width: 800px) 100vw, 800px\" \/><\/p>\n<p>Ne manquez pas le march\u00e9 de la Seu d\u2019Urgell si vous passez par les <strong>Pyr\u00e9n\u00e9es catalanes<\/strong> ! Vous trouverez plus d\u2019une centaine d\u2019\u00e9tals r\u00e9partis dans les rues principales du <strong>centre historique<\/strong>. Le d\u00e9veloppement commercial de la ville a \u00e9t\u00e9 marqu\u00e9 depuis longtemps par le march\u00e9 hebdomadaire, qui est document\u00e9 pour la premi\u00e8re fois en <strong>1029<\/strong>. Aujourd\u2019hui il est bi-hebdomadaire et a su traverser les \u00e2ges en conservant quelques codes de l\u2019\u00e9poque m\u00e9di\u00e9vale.<\/p>\n<p>C\u2019est bien simple : que vous cherchiez un bouquet de fleurs pour embellir votre salon, une sp\u00e9cialit\u00e9 locale pour r\u00e9galer vos h\u00f4tes lors de votre prochain repas entre amis, ou encore un joli souvenir \u00e0 ramener \u00e0 la maison : vous le trouverez au Mercat de la Seu d\u2019Urgell. Avec la richesse de ses produits, la r\u00e9putation du march\u00e9 n\u2019est donc plus \u00e0 faire pour celui qui est consid\u00e9r\u00e9 comme l\u2019un des plus important des Pyr\u00e9n\u00e9es. <span data-sheets-root=\"1\" data-sheets-value=\"{&quot;1&quot;:2,&quot;2&quot;:&quot;D\u00e9couvrez aussi la location villa Espagne !&quot;}\" data-sheets-userformat=\"{&quot;2&quot;:513,&quot;3&quot;:{&quot;1&quot;:0},&quot;12&quot;:0}\" data-sheets-hyperlink=\"https:\/\/www.clubvillamar.fr\/\" data-sheets-hyperlinkruns=\"{&quot;1&quot;:19,&quot;2&quot;:&quot;https:\/\/www.clubvillamar.fr\/&quot;}\uee10{&quot;1&quot;:41}\">D\u00e9couvrez aussi la <strong><a class=\"in-cell-link\" href=\"https:\/\/www.clubvillamar.fr\/\" target=\"_blank\" rel=\"noopener\">location villa Espagne<\/a><\/strong> !<\/span><\/p>\n<p>Horaires : les mardis et samedis (9h -14h)<\/p>\n<p>Emplacement : Rues du centre historique (carrer Major, carrer del Canonges, Pla\u00e7a del Oms, Pla\u00e7a del Patalin)<\/p>\n<h2><strong><u>Mercat de Sant Feliu de Gu\u00edxols \u2013 Emporda<\/u><\/strong><\/h2>\n<p><img decoding=\"async\" class=\"alignnone size-full wp-image-25134\" src=\"https:\/\/www.clubvillamar.fr\/blog\/wp-content\/uploads\/2018\/05\/Photo-Feliu.jpg\" alt=\"\" width=\"939\" height=\"704\" srcset=\"https:\/\/www.clubvillamar.fr\/blog\/wp-content\/uploads\/2018\/05\/Photo-Feliu.jpg 939w, https:\/\/www.clubvillamar.fr\/blog\/wp-content\/uploads\/2018\/05\/Photo-Feliu-300x225.jpg 300w, https:\/\/www.clubvillamar.fr\/blog\/wp-content\/uploads\/2018\/05\/Photo-Feliu-768x576.jpg 768w\" sizes=\"(max-width: 939px) 100vw, 939px\" \/><\/p>\n<p>Si vous voulez trouver un large \u00e9ventail de <strong>produits saisonniers<\/strong>, ne manquez pas de visiter le march\u00e9 de la ville ! Situ\u00e9 au c\u0153ur de la ville, \u00e0 c\u00f4t\u00e9 de la mer, le <strong>march\u00e9 couvert<\/strong> se trouve dans un bel \u00e9difice historique, construit pendant les ann\u00e9es 30 et restaur\u00e9 en 2011. La subtilit\u00e9 de son architecture vaut le d\u00e9tour et conf\u00e8re au march\u00e9 son titre \u00ab d\u2019atout d\u2019int\u00e9r\u00eat local \u00bb. Allez d\u2019abord faire un tour dans la partie inf\u00e9rieure, pour admirer les baies vitr\u00e9es habill\u00e9es de couleurs g\u00e9om\u00e9triques. R\u00e9ussirez-vous \u00e0 trouver le <strong>blason de la ville<\/strong> qui se cache \u00e0 chaque entr\u00e9e ? L\u2019\u00e9tage aux allures de verri\u00e8re est, quant \u00e0 lui, plus petit mais poss\u00e8de un charme certain avec ses d\u00e9corations en terre cuite.<\/p>\n<p>Vous y trouverez des diff\u00e9rents \u00e9tals : poisson, viande, fruits, l\u00e9gumes, fruits secs et plats pr\u00e9par\u00e9s. Il y a aussi un espace de jeux o\u00f9 les enfants peuvent s\u2019amuser et un bar\/restaurant au premier \u00e9tage pour recharger les batteries. \u00c0 l\u2019ext\u00e9rieur, sur la place du March\u00e9, vous serez admiratif face aux couleurs et aux odeurs de produits d\u2019une <strong>fra<\/strong><strong>\u00eecheur incomparable<\/strong>. En effet, les paysannes viennent vous offrir les fruits et l\u00e9gumes qui poussent \u00e0 quelques pas de l\u00e0, sur les terres de la Vall d\u2019Aro. Proximit\u00e9, authenticit\u00e9, bon prix et haute qualit\u00e9 garantis\u00a0!<\/p>\n<p>Horaires : du mardi au dimanche (9h -14h)<\/p>\n<p>Emplacement\u00a0: Pla\u00e7a del mercat<\/p>\n<h2><strong><u>Les march\u00e9s m\u00e9di\u00e9vaux<\/u><\/strong><\/h2>\n<p>Si votre itin\u00e9raire ne vous donne pas l\u2019occasion de visiter l\u2019un de ces march\u00e9s, ne vous inqui\u00e9tez pas : de nombreux villages catalans sont eux aussi rythm\u00e9s par un march\u00e9 traditionnel. \u00c0 chacun sa sp\u00e9cificit\u00e9 et ses charmes, mais nous pouvons accorder ici une mention sp\u00e9ciale aux les petits villages m\u00e9di\u00e9vaux comme <strong>Besal\u00fa<\/strong>, <strong>Castell\u00f3 d\u2019Emp\u00faries<\/strong>, <strong>Castell d\u2019Aro<\/strong>, <strong>Montblanc<\/strong> ou encore <strong>Guimer\u00e0<\/strong>. Plus qu\u2019un voyage dans le temps, c\u2019est l\u2019histoire d\u2019une terre et de ses habitants qui vous est cont\u00e9 au fil des \u00e9tals !<\/p>\n<h2><a href=\"https:\/\/www.clubvillamar.fr\/villas\/espagne\/costa-brava\" target=\"_blank\" rel=\"noopener noreferrer\">Voir ICI nos villas de vacances sur la Costa Brava<\/a><\/h2>\n","protected":false},"excerpt":{"rendered":"<p>Si vous envisagez de s\u00e9journer sur la Costa Brava et de louer une belle villa de vacances, il va bien [&hellip;]<\/p>\n","protected":false},"author":3,"featured_media":25129,"comment_status":"closed","ping_status":"closed","sticky":false,"template":"","format":"standard","meta":{"inline_featured_image":false,"_monsterinsights_skip_tracking":false,"_monsterinsights_sitenote_active":false,"_monsterinsights_sitenote_note":"","_monsterinsights_sitenote_category":0,"jetpack_post_was_ever_published":false,"_jetpack_newsletter_access":"","_jetpack_dont_email_post_to_subs":false,"_jetpack_newsletter_tier_id":0,"footnotes":"","jetpack_publicize_message":"","jetpack_publicize_feature_enabled":true,"jetpack_social_post_already_shared":true,"jetpack_social_options":{"image_generator_settings":{"template":"highway","enabled":false}}},"categories":[6836,7219],"tags":[1840,6876],"jetpack_publicize_connections":[],"yoast_head":"<!-- This site is optimized with the Yoast SEO plugin v22.2 - https:\/\/yoast.com\/wordpress\/plugins\/seo\/ -->\n<title>4 march\u00e9s traditionnels incontournables de la Costa Brava - Club Villamar<\/title>\n<meta name=\"description\" content=\"D\u00e9couvrez les plus beaux march\u00e9s traditionnels de la Costa Brava pour faire le plein de produits frais et locaux, et de souvenirs \u00e0 ramener \u00e0 la maison.\" \/>\n<meta name=\"robots\" content=\"index, follow, max-snippet:-1, max-image-preview:large, max-video-preview:-1\" \/>\n<link rel=\"canonical\" href=\"https:\/\/www.clubvillamar.fr\/blog\/espagne\/4-marches-traditionnels-incontournables-de-costa-brava\/\" \/>\n<meta property=\"og:locale\" content=\"fr_FR\" \/>\n<meta property=\"og:type\" content=\"article\" \/>\n<meta property=\"og:title\" content=\"4 march\u00e9s traditionnels incontournables de la Costa Brava - Club Villamar\" \/>\n<meta property=\"og:description\" content=\"D\u00e9couvrez les plus beaux march\u00e9s traditionnels de la Costa Brava pour faire le plein de produits frais et locaux, et de souvenirs \u00e0 ramener \u00e0 la maison.\" \/>\n<meta property=\"og:url\" content=\"https:\/\/www.clubvillamar.fr\/blog\/espagne\/4-marches-traditionnels-incontournables-de-costa-brava\/\" \/>\n<meta property=\"og:site_name\" content=\"Club Villamar\" \/>\n<meta property=\"article:published_time\" content=\"2018-05-24T13:47:49+00:00\" \/>\n<meta property=\"article:modified_time\" content=\"2023-12-06T14:20:02+00:00\" \/>\n<meta property=\"og:image\" content=\"https:\/\/www.clubvillamar.fr\/blog\/wp-content\/uploads\/2018\/05\/shutterstock_67669663-1024x576.jpg\" \/>\n\t<meta property=\"og:image:width\" content=\"1024\" \/>\n\t<meta property=\"og:image:height\" content=\"576\" \/>\n\t<meta property=\"og:image:type\" content=\"image\/jpeg\" \/>\n<meta name=\"author\" content=\"Club Villamar\" \/>\n<meta name=\"twitter:card\" content=\"summary_large_image\" \/>\n<meta name=\"twitter:label1\" content=\"\u00c9crit par\" \/>\n\t<meta name=\"twitter:data1\" content=\"Club Villamar\" \/>\n\t<meta name=\"twitter:label2\" content=\"Dur\u00e9e de lecture estim\u00e9e\" \/>\n\t<meta name=\"twitter:data2\" content=\"6 minutes\" \/>\n<script type=\"application\/ld+json\" class=\"yoast-schema-graph\">{\"@context\":\"https:\/\/schema.org\",\"@graph\":[{\"@type\":\"Article\",\"@id\":\"https:\/\/www.clubvillamar.fr\/blog\/espagne\/4-marches-traditionnels-incontournables-de-costa-brava\/#article\",\"isPartOf\":{\"@id\":\"https:\/\/www.clubvillamar.fr\/blog\/espagne\/4-marches-traditionnels-incontournables-de-costa-brava\/\"},\"author\":{\"name\":\"Club Villamar\",\"@id\":\"https:\/\/www.clubvillamar.fr\/blog\/#\/schema\/person\/603e65b5e4bf24837757a4b58cfe7b62\"},\"headline\":\"4 march\u00e9s traditionnels incontournables de la Costa Brava\",\"datePublished\":\"2018-05-24T13:47:49+00:00\",\"dateModified\":\"2023-12-06T14:20:02+00:00\",\"mainEntityOfPage\":{\"@id\":\"https:\/\/www.clubvillamar.fr\/blog\/espagne\/4-marches-traditionnels-incontournables-de-costa-brava\/\"},\"wordCount\":1192,\"publisher\":{\"@id\":\"https:\/\/www.clubvillamar.fr\/blog\/#organization\"},\"image\":{\"@id\":\"https:\/\/www.clubvillamar.fr\/blog\/espagne\/4-marches-traditionnels-incontournables-de-costa-brava\/#primaryimage\"},\"thumbnailUrl\":\"https:\/\/www.clubvillamar.fr\/blog\/wp-content\/uploads\/2018\/05\/shutterstock_67669663.jpg\",\"keywords\":[\"Costa Brava\",\"espagne\"],\"articleSection\":[\"Espagne\",\"Costa Brava\"],\"inLanguage\":\"fr-FR\"},{\"@type\":\"WebPage\",\"@id\":\"https:\/\/www.clubvillamar.fr\/blog\/espagne\/4-marches-traditionnels-incontournables-de-costa-brava\/\",\"url\":\"https:\/\/www.clubvillamar.fr\/blog\/espagne\/4-marches-traditionnels-incontournables-de-costa-brava\/\",\"name\":\"4 march\u00e9s traditionnels incontournables de la Costa Brava - Club Villamar\",\"isPartOf\":{\"@id\":\"https:\/\/www.clubvillamar.fr\/blog\/#website\"},\"primaryImageOfPage\":{\"@id\":\"https:\/\/www.clubvillamar.fr\/blog\/espagne\/4-marches-traditionnels-incontournables-de-costa-brava\/#primaryimage\"},\"image\":{\"@id\":\"https:\/\/www.clubvillamar.fr\/blog\/espagne\/4-marches-traditionnels-incontournables-de-costa-brava\/#primaryimage\"},\"thumbnailUrl\":\"https:\/\/www.clubvillamar.fr\/blog\/wp-content\/uploads\/2018\/05\/shutterstock_67669663.jpg\",\"datePublished\":\"2018-05-24T13:47:49+00:00\",\"dateModified\":\"2023-12-06T14:20:02+00:00\",\"description\":\"D\u00e9couvrez les plus beaux march\u00e9s traditionnels de la Costa Brava pour faire le plein de produits frais et locaux, et de souvenirs \u00e0 ramener \u00e0 la maison.\",\"breadcrumb\":{\"@id\":\"https:\/\/www.clubvillamar.fr\/blog\/espagne\/4-marches-traditionnels-incontournables-de-costa-brava\/#breadcrumb\"},\"inLanguage\":\"fr-FR\",\"potentialAction\":[{\"@type\":\"ReadAction\",\"target\":[\"https:\/\/www.clubvillamar.fr\/blog\/espagne\/4-marches-traditionnels-incontournables-de-costa-brava\/\"]}]},{\"@type\":\"ImageObject\",\"inLanguage\":\"fr-FR\",\"@id\":\"https:\/\/www.clubvillamar.fr\/blog\/espagne\/4-marches-traditionnels-incontournables-de-costa-brava\/#primaryimage\",\"url\":\"https:\/\/www.clubvillamar.fr\/blog\/wp-content\/uploads\/2018\/05\/shutterstock_67669663.jpg\",\"contentUrl\":\"https:\/\/www.clubvillamar.fr\/blog\/wp-content\/uploads\/2018\/05\/shutterstock_67669663.jpg\",\"width\":1920,\"height\":1080},{\"@type\":\"BreadcrumbList\",\"@id\":\"https:\/\/www.clubvillamar.fr\/blog\/espagne\/4-marches-traditionnels-incontournables-de-costa-brava\/#breadcrumb\",\"itemListElement\":[{\"@type\":\"ListItem\",\"position\":1,\"name\":\"Accueil\",\"item\":\"https:\/\/www.clubvillamar.fr\/blog\/\"},{\"@type\":\"ListItem\",\"position\":2,\"name\":\"4 march\u00e9s traditionnels incontournables de la Costa Brava\"}]},{\"@type\":\"WebSite\",\"@id\":\"https:\/\/www.clubvillamar.fr\/blog\/#website\",\"url\":\"https:\/\/www.clubvillamar.fr\/blog\/\",\"name\":\"Club Villamar\",\"description\":\"D\u00e9tendez-vous au bord de la piscine de votre villa espagnole\",\"publisher\":{\"@id\":\"https:\/\/www.clubvillamar.fr\/blog\/#organization\"},\"potentialAction\":[{\"@type\":\"SearchAction\",\"target\":{\"@type\":\"EntryPoint\",\"urlTemplate\":\"https:\/\/www.clubvillamar.fr\/blog\/?s={search_term_string}\"},\"query-input\":\"required name=search_term_string\"}],\"inLanguage\":\"fr-FR\"},{\"@type\":\"Organization\",\"@id\":\"https:\/\/www.clubvillamar.fr\/blog\/#organization\",\"name\":\"Club Villamar\",\"url\":\"https:\/\/www.clubvillamar.fr\/blog\/\",\"logo\":{\"@type\":\"ImageObject\",\"inLanguage\":\"fr-FR\",\"@id\":\"https:\/\/www.clubvillamar.fr\/blog\/#\/schema\/logo\/image\/\",\"url\":\"https:\/\/www.clubvillamar.fr\/blog\/wp-content\/uploads\/2017\/10\/placeholder.jpg\",\"contentUrl\":\"https:\/\/www.clubvillamar.fr\/blog\/wp-content\/uploads\/2017\/10\/placeholder.jpg\",\"width\":1000,\"height\":1000,\"caption\":\"Club Villamar\"},\"image\":{\"@id\":\"https:\/\/www.clubvillamar.fr\/blog\/#\/schema\/logo\/image\/\"}},{\"@type\":\"Person\",\"@id\":\"https:\/\/www.clubvillamar.fr\/blog\/#\/schema\/person\/603e65b5e4bf24837757a4b58cfe7b62\",\"name\":\"Club Villamar\",\"image\":{\"@type\":\"ImageObject\",\"inLanguage\":\"fr-FR\",\"@id\":\"https:\/\/www.clubvillamar.fr\/blog\/#\/schema\/person\/image\/\",\"url\":\"https:\/\/secure.gravatar.com\/avatar\/6b7b837342835f6b0ba134ae80b58a01?s=96&d=mm&r=g\",\"contentUrl\":\"https:\/\/secure.gravatar.com\/avatar\/6b7b837342835f6b0ba134ae80b58a01?s=96&d=mm&r=g\",\"caption\":\"Club Villamar\"},\"sameAs\":[\"https:\/\/www.clubvillamar.fr\"],\"url\":\"https:\/\/www.clubvillamar.fr\/blog\/author\/marketing\/\"}]}<\/script>\n<!-- \/ Yoast SEO plugin. -->","yoast_head_json":{"title":"4 march\u00e9s traditionnels incontournables de la Costa Brava - Club Villamar","description":"D\u00e9couvrez les plus beaux march\u00e9s traditionnels de la Costa Brava pour faire le plein de produits frais et locaux, et de souvenirs \u00e0 ramener \u00e0 la maison.","robots":{"index":"index","follow":"follow","max-snippet":"max-snippet:-1","max-image-preview":"max-image-preview:large","max-video-preview":"max-video-preview:-1"},"canonical":"https:\/\/www.clubvillamar.fr\/blog\/espagne\/4-marches-traditionnels-incontournables-de-costa-brava\/","og_locale":"fr_FR","og_type":"article","og_title":"4 march\u00e9s traditionnels incontournables de la Costa Brava - Club Villamar","og_description":"D\u00e9couvrez les plus beaux march\u00e9s traditionnels de la Costa Brava pour faire le plein de produits frais et locaux, et de souvenirs \u00e0 ramener \u00e0 la maison.","og_url":"https:\/\/www.clubvillamar.fr\/blog\/espagne\/4-marches-traditionnels-incontournables-de-costa-brava\/","og_site_name":"Club Villamar","article_published_time":"2018-05-24T13:47:49+00:00","article_modified_time":"2023-12-06T14:20:02+00:00","og_image":[{"width":1024,"height":576,"url":"https:\/\/www.clubvillamar.fr\/blog\/wp-content\/uploads\/2018\/05\/shutterstock_67669663-1024x576.jpg","type":"image\/jpeg"}],"author":"Club Villamar","twitter_card":"summary_large_image","twitter_misc":{"\u00c9crit par":"Club Villamar","Dur\u00e9e de lecture estim\u00e9e":"6 minutes"},"schema":{"@context":"https:\/\/schema.org","@graph":[{"@type":"Article","@id":"https:\/\/www.clubvillamar.fr\/blog\/espagne\/4-marches-traditionnels-incontournables-de-costa-brava\/#article","isPartOf":{"@id":"https:\/\/www.clubvillamar.fr\/blog\/espagne\/4-marches-traditionnels-incontournables-de-costa-brava\/"},"author":{"name":"Club Villamar","@id":"https:\/\/www.clubvillamar.fr\/blog\/#\/schema\/person\/603e65b5e4bf24837757a4b58cfe7b62"},"headline":"4 march\u00e9s traditionnels incontournables de la Costa Brava","datePublished":"2018-05-24T13:47:49+00:00","dateModified":"2023-12-06T14:20:02+00:00","mainEntityOfPage":{"@id":"https:\/\/www.clubvillamar.fr\/blog\/espagne\/4-marches-traditionnels-incontournables-de-costa-brava\/"},"wordCount":1192,"publisher":{"@id":"https:\/\/www.clubvillamar.fr\/blog\/#organization"},"image":{"@id":"https:\/\/www.clubvillamar.fr\/blog\/espagne\/4-marches-traditionnels-incontournables-de-costa-brava\/#primaryimage"},"thumbnailUrl":"https:\/\/www.clubvillamar.fr\/blog\/wp-content\/uploads\/2018\/05\/shutterstock_67669663.jpg","keywords":["Costa Brava","espagne"],"articleSection":["Espagne","Costa Brava"],"inLanguage":"fr-FR"},{"@type":"WebPage","@id":"https:\/\/www.clubvillamar.fr\/blog\/espagne\/4-marches-traditionnels-incontournables-de-costa-brava\/","url":"https:\/\/www.clubvillamar.fr\/blog\/espagne\/4-marches-traditionnels-incontournables-de-costa-brava\/","name":"4 march\u00e9s traditionnels incontournables de la Costa Brava - Club Villamar","isPartOf":{"@id":"https:\/\/www.clubvillamar.fr\/blog\/#website"},"primaryImageOfPage":{"@id":"https:\/\/www.clubvillamar.fr\/blog\/espagne\/4-marches-traditionnels-incontournables-de-costa-brava\/#primaryimage"},"image":{"@id":"https:\/\/www.clubvillamar.fr\/blog\/espagne\/4-marches-traditionnels-incontournables-de-costa-brava\/#primaryimage"},"thumbnailUrl":"https:\/\/www.clubvillamar.fr\/blog\/wp-content\/uploads\/2018\/05\/shutterstock_67669663.jpg","datePublished":"2018-05-24T13:47:49+00:00","dateModified":"2023-12-06T14:20:02+00:00","description":"D\u00e9couvrez les plus beaux march\u00e9s traditionnels de la Costa Brava pour faire le plein de produits frais et locaux, et de souvenirs \u00e0 ramener \u00e0 la maison.","breadcrumb":{"@id":"https:\/\/www.clubvillamar.fr\/blog\/espagne\/4-marches-traditionnels-incontournables-de-costa-brava\/#breadcrumb"},"inLanguage":"fr-FR","potentialAction":[{"@type":"ReadAction","target":["https:\/\/www.clubvillamar.fr\/blog\/espagne\/4-marches-traditionnels-incontournables-de-costa-brava\/"]}]},{"@type":"ImageObject","inLanguage":"fr-FR","@id":"https:\/\/www.clubvillamar.fr\/blog\/espagne\/4-marches-traditionnels-incontournables-de-costa-brava\/#primaryimage","url":"https:\/\/www.clubvillamar.fr\/blog\/wp-content\/uploads\/2018\/05\/shutterstock_67669663.jpg","contentUrl":"https:\/\/www.clubvillamar.fr\/blog\/wp-content\/uploads\/2018\/05\/shutterstock_67669663.jpg","width":1920,"height":1080},{"@type":"BreadcrumbList","@id":"https:\/\/www.clubvillamar.fr\/blog\/espagne\/4-marches-traditionnels-incontournables-de-costa-brava\/#breadcrumb","itemListElement":[{"@type":"ListItem","position":1,"name":"Accueil","item":"https:\/\/www.clubvillamar.fr\/blog\/"},{"@type":"ListItem","position":2,"name":"4 march\u00e9s traditionnels incontournables de la Costa Brava"}]},{"@type":"WebSite","@id":"https:\/\/www.clubvillamar.fr\/blog\/#website","url":"https:\/\/www.clubvillamar.fr\/blog\/","name":"Club Villamar","description":"D\u00e9tendez-vous au bord de la piscine de votre villa espagnole","publisher":{"@id":"https:\/\/www.clubvillamar.fr\/blog\/#organization"},"potentialAction":[{"@type":"SearchAction","target":{"@type":"EntryPoint","urlTemplate":"https:\/\/www.clubvillamar.fr\/blog\/?s={search_term_string}"},"query-input":"required name=search_term_string"}],"inLanguage":"fr-FR"},{"@type":"Organization","@id":"https:\/\/www.clubvillamar.fr\/blog\/#organization","name":"Club Villamar","url":"https:\/\/www.clubvillamar.fr\/blog\/","logo":{"@type":"ImageObject","inLanguage":"fr-FR","@id":"https:\/\/www.clubvillamar.fr\/blog\/#\/schema\/logo\/image\/","url":"https:\/\/www.clubvillamar.fr\/blog\/wp-content\/uploads\/2017\/10\/placeholder.jpg","contentUrl":"https:\/\/www.clubvillamar.fr\/blog\/wp-content\/uploads\/2017\/10\/placeholder.jpg","width":1000,"height":1000,"caption":"Club Villamar"},"image":{"@id":"https:\/\/www.clubvillamar.fr\/blog\/#\/schema\/logo\/image\/"}},{"@type":"Person","@id":"https:\/\/www.clubvillamar.fr\/blog\/#\/schema\/person\/603e65b5e4bf24837757a4b58cfe7b62","name":"Club Villamar","image":{"@type":"ImageObject","inLanguage":"fr-FR","@id":"https:\/\/www.clubvillamar.fr\/blog\/#\/schema\/person\/image\/","url":"https:\/\/secure.gravatar.com\/avatar\/6b7b837342835f6b0ba134ae80b58a01?s=96&d=mm&r=g","contentUrl":"https:\/\/secure.gravatar.com\/avatar\/6b7b837342835f6b0ba134ae80b58a01?s=96&d=mm&r=g","caption":"Club Villamar"},"sameAs":["https:\/\/www.clubvillamar.fr"],"url":"https:\/\/www.clubvillamar.fr\/blog\/author\/marketing\/"}]}},"jetpack_sharing_enabled":true,"jetpack_featured_media_url":"https:\/\/www.clubvillamar.fr\/blog\/wp-content\/uploads\/2018\/05\/shutterstock_67669663.jpg","jetpack_shortlink":"https:\/\/wp.me\/p9DamS-6xc","_links":{"self":[{"href":"https:\/\/www.clubvillamar.fr\/blog\/wp-json\/wp\/v2\/posts\/25122"}],"collection":[{"href":"https:\/\/www.clubvillamar.fr\/blog\/wp-json\/wp\/v2\/posts"}],"about":[{"href":"https:\/\/www.clubvillamar.fr\/blog\/wp-json\/wp\/v2\/types\/post"}],"author":[{"embeddable":true,"href":"https:\/\/www.clubvillamar.fr\/blog\/wp-json\/wp\/v2\/users\/3"}],"replies":[{"embeddable":true,"href":"https:\/\/www.clubvillamar.fr\/blog\/wp-json\/wp\/v2\/comments?post=25122"}],"version-history":[{"count":4,"href":"https:\/\/www.clubvillamar.fr\/blog\/wp-json\/wp\/v2\/posts\/25122\/revisions"}],"predecessor-version":[{"id":30860,"href":"https:\/\/www.clubvillamar.fr\/blog\/wp-json\/wp\/v2\/posts\/25122\/revisions\/30860"}],"wp:featuredmedia":[{"embeddable":true,"href":"https:\/\/www.clubvillamar.fr\/blog\/wp-json\/wp\/v2\/media\/25129"}],"wp:attachment":[{"href":"https:\/\/www.clubvillamar.fr\/blog\/wp-json\/wp\/v2\/media?parent=25122"}],"wp:term":[{"taxonomy":"category","embeddable":true,"href":"https:\/\/www.clubvillamar.fr\/blog\/wp-json\/wp\/v2\/categories?post=25122"},{"taxonomy":"post_tag","embeddable":true,"href":"https:\/\/www.clubvillamar.fr\/blog\/wp-json\/wp\/v2\/tags?post=25122"}],"curies":[{"name":"wp","href":"https:\/\/api.w.org\/{rel}","templated":true}]}}