{"id":25294,"date":"2018-06-30T18:46:14","date_gmt":"2018-06-30T18:46:14","guid":{"rendered":"https:\/\/www.clubvillamar.fr\/blog\/?p=25294"},"modified":"2018-06-30T18:46:14","modified_gmt":"2018-06-30T18:46:14","slug":"allons-faire-fete-espagne","status":"publish","type":"post","link":"https:\/\/www.clubvillamar.fr\/blog\/espagne\/allons-faire-fete-espagne\/","title":{"rendered":"Allons Faire la f\u00eate en Espagne!"},"content":{"rendered":"<p><img decoding=\"async\" class=\"aligncenter size-large wp-image-50076\" src=\"https:\/\/www.clubvillamar.com\/blog\/wp-content\/uploads\/2018\/06\/Fete-En-Espagne-1024x680.jpg\" alt=\"\" width=\"840\" height=\"558\" \/><\/p>\n<p>Il est facile de comprendre pourquoi &lsquo;Espagne est la deuxi\u00e8me <strong>destination touristique la plus populaire en Europe<\/strong> &#8211; avec ses plages de sable chaud et ses eaux bleues claires, facilement accessibles depuis les villas de vacances priv\u00e9es pr\u00e8s de la c\u00f4te. L&rsquo;endroit id\u00e9al pour des vacances d&rsquo;\u00e9t\u00e9, que ce soit avec les enfants pour une escapade tranquille en famille, ou avec un groupe d&rsquo;amis pour une escapade autour de l&rsquo;\u00eele aux Canaries. C&rsquo;est aussi un endroit id\u00e9al pour les vacances d&rsquo;hiver avec les touristes qui tentent d&rsquo;\u00e9chapper aux mois les plus froids, car le sud de l&rsquo;Espagne, en particulier la c\u00f4te andalouse, est souvent beaucoup plus douce gr\u00e2ce \u00e0 son climat m\u00e9diterran\u00e9en. C&rsquo;est une destination de vacances tr\u00e8s appr\u00e9ci\u00e9e.<\/p>\n<p><img decoding=\"async\" class=\"size-full wp-image-50077\" src=\"https:\/\/www.clubvillamar.com\/blog\/wp-content\/uploads\/2018\/06\/Fete-En-Espagne-1.jpg\" alt=\"\" width=\"999\" height=\"662\" \/><\/p>\n<p>Il fait aussi beaucoup plus chaud toute l&rsquo;ann\u00e9e dans les \u00eeles Canaries, situ\u00e9es dans l&rsquo;Atlantique Nord, juste au large de la c\u00f4te ouest de l&rsquo;Afrique et au sud-est des \u00eeles portugaises des A\u00e7ores. Profitez du soleil pendant vos vacances \u00e0 Gran Canaria, o\u00f9 les temp\u00e9ratures moyennes les plus basses ont tendance \u00e0 \u00eatre autour de 17oC en janvier et f\u00e9vrier gr\u00e2ce au climat tropical. Ici, vous trouverez beaucoup d&rsquo;activit\u00e9s \u00e0 faire avec les enfants si vous louez des maisons de vacances pour une escapade en famille, comme le VTT dans le Fuerteventura rocheux, Sioux City \u00e0 Maspalomas, un parc construit dans une reconstitution d&rsquo;un vieux fa\u00e7onn\u00e9 ville dans le Far West am\u00e9ricain qui est toujours un succ\u00e8s aupr\u00e8s des enfants, ainsi que des parcs d&rsquo;attractions comme Siam Parque \u00e0 Tenerife, mais gardez \u00e0 l&rsquo;esprit combien ils sont complets pendant les hautes saisons.<\/p>\n<p><img decoding=\"async\" class=\"aligncenter size-large wp-image-50079\" src=\"https:\/\/www.clubvillamar.com\/blog\/wp-content\/uploads\/2018\/06\/Fete-En-Espagne-2-1-1024x410.jpg\" alt=\"\" width=\"840\" height=\"336\" \/><\/p>\n<p>Gran Canaria est tr\u00e8s populaire aupr\u00e8s des touristes qui ont tendance \u00e0 voyager vers le sud de l&rsquo;\u00eele o\u00f9 le temps est plus chaud. Bien que l&rsquo;a\u00e9roport de l&rsquo;\u00eele soit sur la c\u00f4te Est, il y a des transferts vers des destinations telles que la capitale Las Palmas de Gran Canaria et Maspalomas. La Playa del Ingl\u00e9s, une grande station baln\u00e9aire particuli\u00e8rement populaire aupr\u00e8s de la communaut\u00e9 gay, et poss\u00e8de de nombreuses attractions gay-friendly, par exemple le Yumbo Center, qui abrite plusieurs des meilleurs lieux gay de l&rsquo;\u00eele et il y a aussi une plage gay.<\/p>\n<p><img decoding=\"async\" class=\"aligncenter wp-image-50080\" src=\"https:\/\/www.clubvillamar.com\/blog\/wp-content\/uploads\/2018\/06\/Fete-En-Espagne-3.jpg\" alt=\"\" width=\"670\" height=\"385\" \/><\/p>\n<p><strong>La Costa del Sol<\/strong> est situ\u00e9e en Andalousie sur la c\u00f4te sud de l&rsquo;Espagne, et ces derni\u00e8res ann\u00e9es est devenue de plus en plus populaire aupr\u00e8s des touristes du monde entier. Certaines des destinations les plus recherch\u00e9es sur la c\u00f4te sont des endroits comme Marbella, qui attire beaucoup de gens en raison de la vie nocturne color\u00e9e haut de gamme et qui attirent de nombreuses c\u00e9l\u00e9brit\u00e9s et DJs renomm\u00e9s.\u00a0 Si vous venez avec vos enfants, il y a aussi beaucoup d&rsquo;autres activit\u00e9s, comme des parcs et des terrains de jeux, des sports nautiques, des visites aux nombreux parcs aquatiques et des promenades. Malaga est \u00e9galement situ\u00e9 sur la belle Costa del Sol. Elle est id\u00e9ale pour les s\u00e9jours en famille.<\/p>\n<p><img decoding=\"async\" class=\"aligncenter wp-image-50081\" src=\"https:\/\/www.clubvillamar.com\/blog\/wp-content\/uploads\/2018\/06\/Fete-En-Espagne-4.jpg\" alt=\"\" width=\"728\" height=\"409\" \/><\/p>\n<p>Que vous souhaitiez profiter d&rsquo;une escapade en ville en visitant ou que vous souhaitiez faire du shopping sous le soleil, l&rsquo;Espagne est une excellente destination. Vous pouvez profiter d&rsquo;une villa de vacances sur l&rsquo;une des \u00eeles espagnoles ou faire la f\u00eate \u00e0 un festival de musique. L&rsquo;Espagne sait faire la f\u00eate, alors ne soyez pas surpris de voir quelques festivals ou c\u00e9l\u00e9brations lors de votre visite.<\/p>\n<p><a href=\"https:\/\/www.facebook.com\/ClubVillamar\/\"><img decoding=\"async\" class=\"aligncenter wp-image-26780 size-full\" src=\"https:\/\/www.clubvillamar.com\/blog\/wp-content\/uploads\/2018\/01\/Follow-Us-on-FB-1.png\" alt=\"\" width=\"300\" height=\"100\" \/><\/a><\/p>\n","protected":false},"excerpt":{"rendered":"<p>Il est facile de comprendre pourquoi &lsquo;Espagne est la deuxi\u00e8me destination touristique la plus populaire en Europe &#8211; avec ses [&hellip;]<\/p>\n","protected":false},"author":3,"featured_media":25066,"comment_status":"closed","ping_status":"closed","sticky":false,"template":"","format":"standard","meta":{"inline_featured_image":false,"_monsterinsights_skip_tracking":false,"_monsterinsights_sitenote_active":false,"_monsterinsights_sitenote_note":"","_monsterinsights_sitenote_category":0,"jetpack_post_was_ever_published":false,"_jetpack_newsletter_access":"","_jetpack_dont_email_post_to_subs":false,"_jetpack_newsletter_tier_id":0,"footnotes":"","jetpack_publicize_message":"","jetpack_publicize_feature_enabled":true,"jetpack_social_post_already_shared":true,"jetpack_social_options":{"image_generator_settings":{"template":"highway","enabled":false}}},"categories":[6836,7299],"tags":[7476,7477,7478],"jetpack_publicize_connections":[],"yoast_head":"<!-- This site is optimized with the Yoast SEO plugin v22.2 - https:\/\/yoast.com\/wordpress\/plugins\/seo\/ -->\n<title>Allons Faire la f\u00eate en Espagne! - Club Villamar<\/title>\n<meta name=\"robots\" content=\"index, follow, max-snippet:-1, max-image-preview:large, max-video-preview:-1\" \/>\n<link rel=\"canonical\" href=\"https:\/\/www.clubvillamar.fr\/blog\/espagne\/allons-faire-fete-espagne\/\" \/>\n<meta property=\"og:locale\" content=\"fr_FR\" \/>\n<meta property=\"og:type\" content=\"article\" \/>\n<meta property=\"og:title\" content=\"Allons Faire la f\u00eate en Espagne! - Club Villamar\" \/>\n<meta property=\"og:description\" content=\"Il est facile de comprendre pourquoi &lsquo;Espagne est la deuxi\u00e8me destination touristique la plus populaire en Europe &#8211; avec ses [&hellip;]\" \/>\n<meta property=\"og:url\" content=\"https:\/\/www.clubvillamar.fr\/blog\/espagne\/allons-faire-fete-espagne\/\" \/>\n<meta property=\"og:site_name\" content=\"Club Villamar\" \/>\n<meta property=\"article:published_time\" content=\"2018-06-30T18:46:14+00:00\" \/>\n<meta property=\"og:image\" content=\"https:\/\/www.clubvillamar.fr\/blog\/wp-content\/uploads\/2018\/05\/Costa-Verda-2.jpg\" \/>\n\t<meta property=\"og:image:width\" content=\"554\" \/>\n\t<meta property=\"og:image:height\" content=\"366\" \/>\n\t<meta property=\"og:image:type\" content=\"image\/jpeg\" \/>\n<meta name=\"author\" content=\"Club Villamar\" \/>\n<meta name=\"twitter:card\" content=\"summary_large_image\" \/>\n<meta name=\"twitter:label1\" content=\"\u00c9crit par\" \/>\n\t<meta name=\"twitter:data1\" content=\"Club Villamar\" \/>\n\t<meta name=\"twitter:label2\" content=\"Dur\u00e9e de lecture estim\u00e9e\" \/>\n\t<meta name=\"twitter:data2\" content=\"3 minutes\" \/>\n<script type=\"application\/ld+json\" class=\"yoast-schema-graph\">{\"@context\":\"https:\/\/schema.org\",\"@graph\":[{\"@type\":\"Article\",\"@id\":\"https:\/\/www.clubvillamar.fr\/blog\/espagne\/allons-faire-fete-espagne\/#article\",\"isPartOf\":{\"@id\":\"https:\/\/www.clubvillamar.fr\/blog\/espagne\/allons-faire-fete-espagne\/\"},\"author\":{\"name\":\"Club Villamar\",\"@id\":\"https:\/\/www.clubvillamar.fr\/blog\/#\/schema\/person\/603e65b5e4bf24837757a4b58cfe7b62\"},\"headline\":\"Allons Faire la f\u00eate en Espagne!\",\"datePublished\":\"2018-06-30T18:46:14+00:00\",\"dateModified\":\"2018-06-30T18:46:14+00:00\",\"mainEntityOfPage\":{\"@id\":\"https:\/\/www.clubvillamar.fr\/blog\/espagne\/allons-faire-fete-espagne\/\"},\"wordCount\":600,\"publisher\":{\"@id\":\"https:\/\/www.clubvillamar.fr\/blog\/#organization\"},\"image\":{\"@id\":\"https:\/\/www.clubvillamar.fr\/blog\/espagne\/allons-faire-fete-espagne\/#primaryimage\"},\"thumbnailUrl\":\"https:\/\/www.clubvillamar.fr\/blog\/wp-content\/uploads\/2018\/05\/Costa-Verda-2.jpg\",\"keywords\":[\"destination touristique la populaire en Europe\",\"villas de vacances priv\u00e9es\",\"vacances \u00e0 Gran Canaria\"],\"articleSection\":[\"Espagne\",\"Gran Canaria\"],\"inLanguage\":\"fr-FR\"},{\"@type\":\"WebPage\",\"@id\":\"https:\/\/www.clubvillamar.fr\/blog\/espagne\/allons-faire-fete-espagne\/\",\"url\":\"https:\/\/www.clubvillamar.fr\/blog\/espagne\/allons-faire-fete-espagne\/\",\"name\":\"Allons Faire la f\u00eate en Espagne! - Club Villamar\",\"isPartOf\":{\"@id\":\"https:\/\/www.clubvillamar.fr\/blog\/#website\"},\"primaryImageOfPage\":{\"@id\":\"https:\/\/www.clubvillamar.fr\/blog\/espagne\/allons-faire-fete-espagne\/#primaryimage\"},\"image\":{\"@id\":\"https:\/\/www.clubvillamar.fr\/blog\/espagne\/allons-faire-fete-espagne\/#primaryimage\"},\"thumbnailUrl\":\"https:\/\/www.clubvillamar.fr\/blog\/wp-content\/uploads\/2018\/05\/Costa-Verda-2.jpg\",\"datePublished\":\"2018-06-30T18:46:14+00:00\",\"dateModified\":\"2018-06-30T18:46:14+00:00\",\"breadcrumb\":{\"@id\":\"https:\/\/www.clubvillamar.fr\/blog\/espagne\/allons-faire-fete-espagne\/#breadcrumb\"},\"inLanguage\":\"fr-FR\",\"potentialAction\":[{\"@type\":\"ReadAction\",\"target\":[\"https:\/\/www.clubvillamar.fr\/blog\/espagne\/allons-faire-fete-espagne\/\"]}]},{\"@type\":\"ImageObject\",\"inLanguage\":\"fr-FR\",\"@id\":\"https:\/\/www.clubvillamar.fr\/blog\/espagne\/allons-faire-fete-espagne\/#primaryimage\",\"url\":\"https:\/\/www.clubvillamar.fr\/blog\/wp-content\/uploads\/2018\/05\/Costa-Verda-2.jpg\",\"contentUrl\":\"https:\/\/www.clubvillamar.fr\/blog\/wp-content\/uploads\/2018\/05\/Costa-Verda-2.jpg\",\"width\":554,\"height\":366},{\"@type\":\"BreadcrumbList\",\"@id\":\"https:\/\/www.clubvillamar.fr\/blog\/espagne\/allons-faire-fete-espagne\/#breadcrumb\",\"itemListElement\":[{\"@type\":\"ListItem\",\"position\":1,\"name\":\"Accueil\",\"item\":\"https:\/\/www.clubvillamar.fr\/blog\/\"},{\"@type\":\"ListItem\",\"position\":2,\"name\":\"Allons Faire la f\u00eate en Espagne!\"}]},{\"@type\":\"WebSite\",\"@id\":\"https:\/\/www.clubvillamar.fr\/blog\/#website\",\"url\":\"https:\/\/www.clubvillamar.fr\/blog\/\",\"name\":\"Club Villamar\",\"description\":\"D\u00e9tendez-vous au bord de la piscine de votre villa espagnole\",\"publisher\":{\"@id\":\"https:\/\/www.clubvillamar.fr\/blog\/#organization\"},\"potentialAction\":[{\"@type\":\"SearchAction\",\"target\":{\"@type\":\"EntryPoint\",\"urlTemplate\":\"https:\/\/www.clubvillamar.fr\/blog\/?s={search_term_string}\"},\"query-input\":\"required name=search_term_string\"}],\"inLanguage\":\"fr-FR\"},{\"@type\":\"Organization\",\"@id\":\"https:\/\/www.clubvillamar.fr\/blog\/#organization\",\"name\":\"Club Villamar\",\"url\":\"https:\/\/www.clubvillamar.fr\/blog\/\",\"logo\":{\"@type\":\"ImageObject\",\"inLanguage\":\"fr-FR\",\"@id\":\"https:\/\/www.clubvillamar.fr\/blog\/#\/schema\/logo\/image\/\",\"url\":\"https:\/\/www.clubvillamar.fr\/blog\/wp-content\/uploads\/2017\/10\/placeholder.jpg\",\"contentUrl\":\"https:\/\/www.clubvillamar.fr\/blog\/wp-content\/uploads\/2017\/10\/placeholder.jpg\",\"width\":1000,\"height\":1000,\"caption\":\"Club Villamar\"},\"image\":{\"@id\":\"https:\/\/www.clubvillamar.fr\/blog\/#\/schema\/logo\/image\/\"}},{\"@type\":\"Person\",\"@id\":\"https:\/\/www.clubvillamar.fr\/blog\/#\/schema\/person\/603e65b5e4bf24837757a4b58cfe7b62\",\"name\":\"Club Villamar\",\"image\":{\"@type\":\"ImageObject\",\"inLanguage\":\"fr-FR\",\"@id\":\"https:\/\/www.clubvillamar.fr\/blog\/#\/schema\/person\/image\/\",\"url\":\"https:\/\/secure.gravatar.com\/avatar\/6b7b837342835f6b0ba134ae80b58a01?s=96&d=mm&r=g\",\"contentUrl\":\"https:\/\/secure.gravatar.com\/avatar\/6b7b837342835f6b0ba134ae80b58a01?s=96&d=mm&r=g\",\"caption\":\"Club Villamar\"},\"sameAs\":[\"https:\/\/www.clubvillamar.fr\"],\"url\":\"https:\/\/www.clubvillamar.fr\/blog\/author\/marketing\/\"}]}<\/script>\n<!-- \/ Yoast SEO plugin. -->","yoast_head_json":{"title":"Allons Faire la f\u00eate en Espagne! - Club Villamar","robots":{"index":"index","follow":"follow","max-snippet":"max-snippet:-1","max-image-preview":"max-image-preview:large","max-video-preview":"max-video-preview:-1"},"canonical":"https:\/\/www.clubvillamar.fr\/blog\/espagne\/allons-faire-fete-espagne\/","og_locale":"fr_FR","og_type":"article","og_title":"Allons Faire la f\u00eate en Espagne! - Club Villamar","og_description":"Il est facile de comprendre pourquoi &lsquo;Espagne est la deuxi\u00e8me destination touristique la plus populaire en Europe &#8211; avec ses [&hellip;]","og_url":"https:\/\/www.clubvillamar.fr\/blog\/espagne\/allons-faire-fete-espagne\/","og_site_name":"Club Villamar","article_published_time":"2018-06-30T18:46:14+00:00","og_image":[{"width":554,"height":366,"url":"https:\/\/www.clubvillamar.fr\/blog\/wp-content\/uploads\/2018\/05\/Costa-Verda-2.jpg","type":"image\/jpeg"}],"author":"Club Villamar","twitter_card":"summary_large_image","twitter_misc":{"\u00c9crit par":"Club Villamar","Dur\u00e9e de lecture estim\u00e9e":"3 minutes"},"schema":{"@context":"https:\/\/schema.org","@graph":[{"@type":"Article","@id":"https:\/\/www.clubvillamar.fr\/blog\/espagne\/allons-faire-fete-espagne\/#article","isPartOf":{"@id":"https:\/\/www.clubvillamar.fr\/blog\/espagne\/allons-faire-fete-espagne\/"},"author":{"name":"Club Villamar","@id":"https:\/\/www.clubvillamar.fr\/blog\/#\/schema\/person\/603e65b5e4bf24837757a4b58cfe7b62"},"headline":"Allons Faire la f\u00eate en Espagne!","datePublished":"2018-06-30T18:46:14+00:00","dateModified":"2018-06-30T18:46:14+00:00","mainEntityOfPage":{"@id":"https:\/\/www.clubvillamar.fr\/blog\/espagne\/allons-faire-fete-espagne\/"},"wordCount":600,"publisher":{"@id":"https:\/\/www.clubvillamar.fr\/blog\/#organization"},"image":{"@id":"https:\/\/www.clubvillamar.fr\/blog\/espagne\/allons-faire-fete-espagne\/#primaryimage"},"thumbnailUrl":"https:\/\/www.clubvillamar.fr\/blog\/wp-content\/uploads\/2018\/05\/Costa-Verda-2.jpg","keywords":["destination touristique la populaire en Europe","villas de vacances priv\u00e9es","vacances \u00e0 Gran Canaria"],"articleSection":["Espagne","Gran Canaria"],"inLanguage":"fr-FR"},{"@type":"WebPage","@id":"https:\/\/www.clubvillamar.fr\/blog\/espagne\/allons-faire-fete-espagne\/","url":"https:\/\/www.clubvillamar.fr\/blog\/espagne\/allons-faire-fete-espagne\/","name":"Allons Faire la f\u00eate en Espagne! - Club Villamar","isPartOf":{"@id":"https:\/\/www.clubvillamar.fr\/blog\/#website"},"primaryImageOfPage":{"@id":"https:\/\/www.clubvillamar.fr\/blog\/espagne\/allons-faire-fete-espagne\/#primaryimage"},"image":{"@id":"https:\/\/www.clubvillamar.fr\/blog\/espagne\/allons-faire-fete-espagne\/#primaryimage"},"thumbnailUrl":"https:\/\/www.clubvillamar.fr\/blog\/wp-content\/uploads\/2018\/05\/Costa-Verda-2.jpg","datePublished":"2018-06-30T18:46:14+00:00","dateModified":"2018-06-30T18:46:14+00:00","breadcrumb":{"@id":"https:\/\/www.clubvillamar.fr\/blog\/espagne\/allons-faire-fete-espagne\/#breadcrumb"},"inLanguage":"fr-FR","potentialAction":[{"@type":"ReadAction","target":["https:\/\/www.clubvillamar.fr\/blog\/espagne\/allons-faire-fete-espagne\/"]}]},{"@type":"ImageObject","inLanguage":"fr-FR","@id":"https:\/\/www.clubvillamar.fr\/blog\/espagne\/allons-faire-fete-espagne\/#primaryimage","url":"https:\/\/www.clubvillamar.fr\/blog\/wp-content\/uploads\/2018\/05\/Costa-Verda-2.jpg","contentUrl":"https:\/\/www.clubvillamar.fr\/blog\/wp-content\/uploads\/2018\/05\/Costa-Verda-2.jpg","width":554,"height":366},{"@type":"BreadcrumbList","@id":"https:\/\/www.clubvillamar.fr\/blog\/espagne\/allons-faire-fete-espagne\/#breadcrumb","itemListElement":[{"@type":"ListItem","position":1,"name":"Accueil","item":"https:\/\/www.clubvillamar.fr\/blog\/"},{"@type":"ListItem","position":2,"name":"Allons Faire la f\u00eate en Espagne!"}]},{"@type":"WebSite","@id":"https:\/\/www.clubvillamar.fr\/blog\/#website","url":"https:\/\/www.clubvillamar.fr\/blog\/","name":"Club Villamar","description":"D\u00e9tendez-vous au bord de la piscine de votre villa espagnole","publisher":{"@id":"https:\/\/www.clubvillamar.fr\/blog\/#organization"},"potentialAction":[{"@type":"SearchAction","target":{"@type":"EntryPoint","urlTemplate":"https:\/\/www.clubvillamar.fr\/blog\/?s={search_term_string}"},"query-input":"required name=search_term_string"}],"inLanguage":"fr-FR"},{"@type":"Organization","@id":"https:\/\/www.clubvillamar.fr\/blog\/#organization","name":"Club Villamar","url":"https:\/\/www.clubvillamar.fr\/blog\/","logo":{"@type":"ImageObject","inLanguage":"fr-FR","@id":"https:\/\/www.clubvillamar.fr\/blog\/#\/schema\/logo\/image\/","url":"https:\/\/www.clubvillamar.fr\/blog\/wp-content\/uploads\/2017\/10\/placeholder.jpg","contentUrl":"https:\/\/www.clubvillamar.fr\/blog\/wp-content\/uploads\/2017\/10\/placeholder.jpg","width":1000,"height":1000,"caption":"Club Villamar"},"image":{"@id":"https:\/\/www.clubvillamar.fr\/blog\/#\/schema\/logo\/image\/"}},{"@type":"Person","@id":"https:\/\/www.clubvillamar.fr\/blog\/#\/schema\/person\/603e65b5e4bf24837757a4b58cfe7b62","name":"Club Villamar","image":{"@type":"ImageObject","inLanguage":"fr-FR","@id":"https:\/\/www.clubvillamar.fr\/blog\/#\/schema\/person\/image\/","url":"https:\/\/secure.gravatar.com\/avatar\/6b7b837342835f6b0ba134ae80b58a01?s=96&d=mm&r=g","contentUrl":"https:\/\/secure.gravatar.com\/avatar\/6b7b837342835f6b0ba134ae80b58a01?s=96&d=mm&r=g","caption":"Club Villamar"},"sameAs":["https:\/\/www.clubvillamar.fr"],"url":"https:\/\/www.clubvillamar.fr\/blog\/author\/marketing\/"}]}},"jetpack_sharing_enabled":true,"jetpack_featured_media_url":"https:\/\/www.clubvillamar.fr\/blog\/wp-content\/uploads\/2018\/05\/Costa-Verda-2.jpg","jetpack_shortlink":"https:\/\/wp.me\/p9DamS-6zY","_links":{"self":[{"href":"https:\/\/www.clubvillamar.fr\/blog\/wp-json\/wp\/v2\/posts\/25294"}],"collection":[{"href":"https:\/\/www.clubvillamar.fr\/blog\/wp-json\/wp\/v2\/posts"}],"about":[{"href":"https:\/\/www.clubvillamar.fr\/blog\/wp-json\/wp\/v2\/types\/post"}],"author":[{"embeddable":true,"href":"https:\/\/www.clubvillamar.fr\/blog\/wp-json\/wp\/v2\/users\/3"}],"replies":[{"embeddable":true,"href":"https:\/\/www.clubvillamar.fr\/blog\/wp-json\/wp\/v2\/comments?post=25294"}],"version-history":[{"count":2,"href":"https:\/\/www.clubvillamar.fr\/blog\/wp-json\/wp\/v2\/posts\/25294\/revisions"}],"predecessor-version":[{"id":25296,"href":"https:\/\/www.clubvillamar.fr\/blog\/wp-json\/wp\/v2\/posts\/25294\/revisions\/25296"}],"wp:featuredmedia":[{"embeddable":true,"href":"https:\/\/www.clubvillamar.fr\/blog\/wp-json\/wp\/v2\/media\/25066"}],"wp:attachment":[{"href":"https:\/\/www.clubvillamar.fr\/blog\/wp-json\/wp\/v2\/media?parent=25294"}],"wp:term":[{"taxonomy":"category","embeddable":true,"href":"https:\/\/www.clubvillamar.fr\/blog\/wp-json\/wp\/v2\/categories?post=25294"},{"taxonomy":"post_tag","embeddable":true,"href":"https:\/\/www.clubvillamar.fr\/blog\/wp-json\/wp\/v2\/tags?post=25294"}],"curies":[{"name":"wp","href":"https:\/\/api.w.org\/{rel}","templated":true}]}}