{"id":32270,"date":"2025-06-05T15:23:19","date_gmt":"2025-06-05T15:23:19","guid":{"rendered":"https:\/\/www.clubvillamar.fr\/blog\/?p=32270"},"modified":"2025-06-05T15:23:21","modified_gmt":"2025-06-05T15:23:21","slug":"calpe-terre-de-lemblematique-penon-de-ifach","status":"publish","type":"post","link":"https:\/\/www.clubvillamar.fr\/blog\/espagne\/costa-blanca\/calpe\/calpe-terre-de-lemblematique-penon-de-ifach\/","title":{"rendered":"Calpe : Terre de l\u2019embl\u00e9matique Pe\u00f1\u00f3n de Ifach"},"content":{"rendered":"\n<h3 class=\"wp-block-heading\">Explorez un tr\u00e9sor de la Costa Blanca<\/h3>\n\n\n\n<p>Au c\u0153ur de la <a href=\"https:\/\/www.clubvillamar.fr\/blog\/espagne\/costa-blanca\/les-plus-belles-balades-cotieres-points-de-vue-de-la-costa-blanca-ville-par-ville\/\" target=\"_blank\" rel=\"noreferrer noopener\">Costa Blanca<\/a>, Calpe s\u00e9duit par son atmosph\u00e8re m\u00e9diterran\u00e9enne, son histoire riche et ses paysages \u00e0 couper le souffle. Entre plages dor\u00e9es, ruines antiques et le spectaculaire Pe\u00f1\u00f3n de Ifach qui domine l\u2019horizon, cette charmante ville espagnole vous invite \u00e0 une \u00e9vasion inoubliable.<\/p>\n\n\n\n<figure class=\"wp-block-image size-full\"><img decoding=\"async\" width=\"1024\" height=\"683\" src=\"https:\/\/www.clubvillamar.fr\/blog\/wp-content\/uploads\/2025\/06\/Calpe-1024x683-1.jpg\" alt=\"\" class=\"wp-image-32271\" srcset=\"https:\/\/www.clubvillamar.fr\/blog\/wp-content\/uploads\/2025\/06\/Calpe-1024x683-1.jpg 1024w, https:\/\/www.clubvillamar.fr\/blog\/wp-content\/uploads\/2025\/06\/Calpe-1024x683-1-300x200.jpg 300w, https:\/\/www.clubvillamar.fr\/blog\/wp-content\/uploads\/2025\/06\/Calpe-1024x683-1-768x512.jpg 768w\" sizes=\"(max-width: 1024px) 100vw, 1024px\" \/><\/figure>\n\n\n\n<h3 class=\"wp-block-heading\">Le Pe\u00f1\u00f3n de Ifach : Un g\u00e9ant de pierre face \u00e0 la mer<\/h3>\n\n\n\n<p>Impossible de parler de Calpe sans \u00e9voquer son embl\u00e8me : le Pe\u00f1\u00f3n de Ifach. Ce rocher calcaire imposant de 332 m\u00e8tres de haut surgit de la mer tel un monument naturel. V\u00e9ritable paradis pour les amoureux de la nature, il est class\u00e9 parc naturel et abrite une flore et une faune rares, ainsi que des sentiers de randonn\u00e9e avec des vues spectaculaires.<\/p>\n\n\n\n<p>Une ascension vers le sommet promet des panoramas grandioses sur la mer M\u00e9diterran\u00e9e \u2013 un moment magique \u00e0 ne pas manquer.<\/p>\n\n\n\n<h3 class=\"wp-block-heading\">Des plages pour se d\u00e9tendre et r\u00eaver<\/h3>\n\n\n\n<p>Calpe offre plus de 13 kilom\u00e8tres de littoral o\u00f9 se m\u00ealent grandes plages de sable fin et criques tranquilles. Les plages de la Fossa et Arenal-Bol sont parfaites pour une journ\u00e9e de farniente ou une sortie en famille, avec une eau limpide et des installations modernes.<\/p>\n\n\n\n<figure class=\"wp-block-image size-full\"><img decoding=\"async\" width=\"1000\" height=\"561\" src=\"https:\/\/www.clubvillamar.fr\/blog\/wp-content\/uploads\/2025\/06\/Costa-Blanca.jpg\" alt=\"\" class=\"wp-image-32273\" srcset=\"https:\/\/www.clubvillamar.fr\/blog\/wp-content\/uploads\/2025\/06\/Costa-Blanca.jpg 1000w, https:\/\/www.clubvillamar.fr\/blog\/wp-content\/uploads\/2025\/06\/Costa-Blanca-300x168.jpg 300w, https:\/\/www.clubvillamar.fr\/blog\/wp-content\/uploads\/2025\/06\/Costa-Blanca-768x431.jpg 768w\" sizes=\"(max-width: 1000px) 100vw, 1000px\" \/><\/figure>\n\n\n\n<p>Pour plus d\u2019intimit\u00e9, partez \u00e0 la d\u00e9couverte des petites baies cach\u00e9es, id\u00e9ales pour des moments paisibles en bord de mer.<\/p>\n\n\n\n<h3 class=\"wp-block-heading\">Histoire et traditions au rendez-vous<\/h3>\n\n\n\n<p>Derri\u00e8re ses plages, Calpe d\u00e9voile un riche pass\u00e9. Dans la vieille ville, fl\u00e2nez dans les ruelles pav\u00e9es, admirez les vestiges romains, ou laissez-vous charmer par les fresques color\u00e9es et les petits march\u00e9s locaux.<\/p>\n\n\n\n<p>Les amateurs de gastronomie ne seront pas en reste : poissons frais, paellas savoureuses et sp\u00e9cialit\u00e9s m\u00e9diterran\u00e9ennes vous attendent, en particulier dans le quartier du port.<\/p>\n\n\n\n<h3 class=\"wp-block-heading\">Activit\u00e9s pour tous et nature \u00e0 port\u00e9e de main<\/h3>\n\n\n\n<p>Calpe est une destination id\u00e9ale pour les familles et les amateurs d\u2019activit\u00e9s en plein air. Que vous aimiez la randonn\u00e9e, le v\u00e9lo, le paddle ou simplement observer les flamants roses dans les salines en ville \u2013 chacun y trouve son bonheur.<\/p>\n\n\n\n<p>Les nombreuses f\u00eates et \u00e9v\u00e9nements typiques rythment l\u2019ann\u00e9e et vous permettront de d\u00e9couvrir la culture espagnole de fa\u00e7on authentique.<\/p>\n\n\n\n<h3 class=\"wp-block-heading\">Vivez l\u2019exp\u00e9rience Club Villamar<\/h3>\n\n\n\n<p>Et si vous profitiez de tout cela depuis votre propre villa avec vue sur mer ? Avec Club Villamar, offrez-vous le luxe d\u2019un s\u00e9jour sur mesure dans une <a href=\"https:\/\/www.clubvillamar.fr\/blog\/espagne\/costa-blanca\/vacances-en-villa-sur-la-costa-blanca-tout-ce-quil-faut-savoir\/\" target=\"_blank\" rel=\"noreferrer noopener\">magnifique maison de vacances<\/a>.<\/p>\n\n\n\n<figure class=\"wp-block-image size-full\"><img decoding=\"async\" width=\"800\" height=\"536\" src=\"https:\/\/www.clubvillamar.fr\/blog\/wp-content\/uploads\/2025\/06\/eden-baladre.jpg\" alt=\"\" class=\"wp-image-32274\" srcset=\"https:\/\/www.clubvillamar.fr\/blog\/wp-content\/uploads\/2025\/06\/eden-baladre.jpg 800w, https:\/\/www.clubvillamar.fr\/blog\/wp-content\/uploads\/2025\/06\/eden-baladre-300x201.jpg 300w, https:\/\/www.clubvillamar.fr\/blog\/wp-content\/uploads\/2025\/06\/eden-baladre-768x515.jpg 768w\" sizes=\"(max-width: 800px) 100vw, 800px\" \/><\/figure>\n\n\n\n<p>Nos villas sur la <a href=\"https:\/\/www.clubvillamar.fr\/blog\/espagne\/costa-blanca\/activites-aventureuses-sur-la-costa-blanca-le-guide-ultime-pour-des-vacances-pleines-demotions\/\" target=\"_blank\" rel=\"noreferrer noopener\">Costa Blanca<\/a> vous garantissent confort, intimit\u00e9 et bien-\u00eatre \u2013 parfait pour se retrouver en famille, entre amis ou en couple. Pour vivre pleinement l\u2019exp\u00e9rience Calpe, rien de tel qu\u2019un s\u00e9jour avec Club Villamar.<\/p>\n","protected":false},"excerpt":{"rendered":"<p>Explorez un tr\u00e9sor de la Costa Blanca Au c\u0153ur de la Costa Blanca, Calpe s\u00e9duit par son atmosph\u00e8re m\u00e9diterran\u00e9enne, son [&hellip;]<\/p>\n","protected":false},"author":3,"featured_media":32272,"comment_status":"closed","ping_status":"closed","sticky":false,"template":"","format":"standard","meta":{"inline_featured_image":false,"_monsterinsights_skip_tracking":false,"_monsterinsights_sitenote_active":false,"_monsterinsights_sitenote_note":"","_monsterinsights_sitenote_category":0,"jetpack_post_was_ever_published":false,"_jetpack_newsletter_access":"","_jetpack_dont_email_post_to_subs":false,"_jetpack_newsletter_tier_id":0,"footnotes":"","jetpack_publicize_message":"","jetpack_publicize_feature_enabled":true,"jetpack_social_post_already_shared":true,"jetpack_social_options":{"image_generator_settings":{"template":"highway","enabled":false}}},"categories":[7306],"tags":[55,2063,2082,6947,7036,7559,7998,8024,8071,8072,8073,8074],"jetpack_publicize_connections":[],"yoast_head":"<!-- This site is optimized with the Yoast SEO plugin v22.2 - https:\/\/yoast.com\/wordpress\/plugins\/seo\/ -->\n<title>Calpe : Terre de l\u2019embl\u00e9matique Pe\u00f1\u00f3n de Ifach - Club Villamar<\/title>\n<meta name=\"description\" content=\"D\u00e9couvrez Calpe et son embl\u00e9matique Pe\u00f1\u00f3n de Ifach. Plages, nature, culture\u2026 Offrez-vous une villa de r\u00eave en Espagne avec Club Villamar.\" \/>\n<meta name=\"robots\" content=\"index, follow, max-snippet:-1, max-image-preview:large, max-video-preview:-1\" \/>\n<link rel=\"canonical\" href=\"https:\/\/www.clubvillamar.fr\/blog\/espagne\/costa-blanca\/calpe\/calpe-terre-de-lemblematique-penon-de-ifach\/\" \/>\n<meta property=\"og:locale\" content=\"fr_FR\" \/>\n<meta property=\"og:type\" content=\"article\" \/>\n<meta property=\"og:title\" content=\"Calpe : Terre de l\u2019embl\u00e9matique Pe\u00f1\u00f3n de Ifach - Club Villamar\" \/>\n<meta property=\"og:description\" content=\"D\u00e9couvrez Calpe et son embl\u00e9matique Pe\u00f1\u00f3n de Ifach. Plages, nature, culture\u2026 Offrez-vous une villa de r\u00eave en Espagne avec Club Villamar.\" \/>\n<meta property=\"og:url\" content=\"https:\/\/www.clubvillamar.fr\/blog\/espagne\/costa-blanca\/calpe\/calpe-terre-de-lemblematique-penon-de-ifach\/\" \/>\n<meta property=\"og:site_name\" content=\"Club Villamar\" \/>\n<meta property=\"article:published_time\" content=\"2025-06-05T15:23:19+00:00\" \/>\n<meta property=\"article:modified_time\" content=\"2025-06-05T15:23:21+00:00\" \/>\n<meta property=\"og:image\" content=\"https:\/\/www.clubvillamar.fr\/blog\/wp-content\/uploads\/2025\/06\/Calpe-1024x683-2.jpg\" \/>\n\t<meta property=\"og:image:width\" content=\"1024\" \/>\n\t<meta property=\"og:image:height\" content=\"683\" \/>\n\t<meta property=\"og:image:type\" content=\"image\/jpeg\" \/>\n<meta name=\"author\" content=\"Club Villamar\" \/>\n<meta name=\"twitter:card\" content=\"summary_large_image\" \/>\n<meta name=\"twitter:label1\" content=\"\u00c9crit par\" \/>\n\t<meta name=\"twitter:data1\" content=\"Club Villamar\" \/>\n\t<meta name=\"twitter:label2\" content=\"Dur\u00e9e de lecture estim\u00e9e\" \/>\n\t<meta name=\"twitter:data2\" content=\"3 minutes\" \/>\n<script type=\"application\/ld+json\" class=\"yoast-schema-graph\">{\"@context\":\"https:\/\/schema.org\",\"@graph\":[{\"@type\":\"Article\",\"@id\":\"https:\/\/www.clubvillamar.fr\/blog\/espagne\/costa-blanca\/calpe\/calpe-terre-de-lemblematique-penon-de-ifach\/#article\",\"isPartOf\":{\"@id\":\"https:\/\/www.clubvillamar.fr\/blog\/espagne\/costa-blanca\/calpe\/calpe-terre-de-lemblematique-penon-de-ifach\/\"},\"author\":{\"name\":\"Club Villamar\",\"@id\":\"https:\/\/www.clubvillamar.fr\/blog\/#\/schema\/person\/603e65b5e4bf24837757a4b58cfe7b62\"},\"headline\":\"Calpe : Terre de l\u2019embl\u00e9matique Pe\u00f1\u00f3n de Ifach\",\"datePublished\":\"2025-06-05T15:23:19+00:00\",\"dateModified\":\"2025-06-05T15:23:21+00:00\",\"mainEntityOfPage\":{\"@id\":\"https:\/\/www.clubvillamar.fr\/blog\/espagne\/costa-blanca\/calpe\/calpe-terre-de-lemblematique-penon-de-ifach\/\"},\"wordCount\":482,\"publisher\":{\"@id\":\"https:\/\/www.clubvillamar.fr\/blog\/#organization\"},\"image\":{\"@id\":\"https:\/\/www.clubvillamar.fr\/blog\/espagne\/costa-blanca\/calpe\/calpe-terre-de-lemblematique-penon-de-ifach\/#primaryimage\"},\"thumbnailUrl\":\"https:\/\/www.clubvillamar.fr\/blog\/wp-content\/uploads\/2025\/06\/Calpe-1024x683-2.jpg\",\"keywords\":[\"club villamar\",\"Costa Blanca\",\"Calpe\",\"vacances espagne\",\"villas en espagne\",\"plages espagne\",\"villes c\u00f4ti\u00e8res Espagne\",\"randonn\u00e9e Espagne\",\"Pe\u00f1\u00f3n de Ifach\",\"blog voyage\",\"vacances en famille\",\"nature Espagne\"],\"articleSection\":[\"Calpe\"],\"inLanguage\":\"fr-FR\"},{\"@type\":\"WebPage\",\"@id\":\"https:\/\/www.clubvillamar.fr\/blog\/espagne\/costa-blanca\/calpe\/calpe-terre-de-lemblematique-penon-de-ifach\/\",\"url\":\"https:\/\/www.clubvillamar.fr\/blog\/espagne\/costa-blanca\/calpe\/calpe-terre-de-lemblematique-penon-de-ifach\/\",\"name\":\"Calpe : Terre de l\u2019embl\u00e9matique Pe\u00f1\u00f3n de Ifach - Club Villamar\",\"isPartOf\":{\"@id\":\"https:\/\/www.clubvillamar.fr\/blog\/#website\"},\"primaryImageOfPage\":{\"@id\":\"https:\/\/www.clubvillamar.fr\/blog\/espagne\/costa-blanca\/calpe\/calpe-terre-de-lemblematique-penon-de-ifach\/#primaryimage\"},\"image\":{\"@id\":\"https:\/\/www.clubvillamar.fr\/blog\/espagne\/costa-blanca\/calpe\/calpe-terre-de-lemblematique-penon-de-ifach\/#primaryimage\"},\"thumbnailUrl\":\"https:\/\/www.clubvillamar.fr\/blog\/wp-content\/uploads\/2025\/06\/Calpe-1024x683-2.jpg\",\"datePublished\":\"2025-06-05T15:23:19+00:00\",\"dateModified\":\"2025-06-05T15:23:21+00:00\",\"description\":\"D\u00e9couvrez Calpe et son embl\u00e9matique Pe\u00f1\u00f3n de Ifach. Plages, nature, culture\u2026 Offrez-vous une villa de r\u00eave en Espagne avec Club Villamar.\",\"breadcrumb\":{\"@id\":\"https:\/\/www.clubvillamar.fr\/blog\/espagne\/costa-blanca\/calpe\/calpe-terre-de-lemblematique-penon-de-ifach\/#breadcrumb\"},\"inLanguage\":\"fr-FR\",\"potentialAction\":[{\"@type\":\"ReadAction\",\"target\":[\"https:\/\/www.clubvillamar.fr\/blog\/espagne\/costa-blanca\/calpe\/calpe-terre-de-lemblematique-penon-de-ifach\/\"]}]},{\"@type\":\"ImageObject\",\"inLanguage\":\"fr-FR\",\"@id\":\"https:\/\/www.clubvillamar.fr\/blog\/espagne\/costa-blanca\/calpe\/calpe-terre-de-lemblematique-penon-de-ifach\/#primaryimage\",\"url\":\"https:\/\/www.clubvillamar.fr\/blog\/wp-content\/uploads\/2025\/06\/Calpe-1024x683-2.jpg\",\"contentUrl\":\"https:\/\/www.clubvillamar.fr\/blog\/wp-content\/uploads\/2025\/06\/Calpe-1024x683-2.jpg\",\"width\":1024,\"height\":683},{\"@type\":\"BreadcrumbList\",\"@id\":\"https:\/\/www.clubvillamar.fr\/blog\/espagne\/costa-blanca\/calpe\/calpe-terre-de-lemblematique-penon-de-ifach\/#breadcrumb\",\"itemListElement\":[{\"@type\":\"ListItem\",\"position\":1,\"name\":\"Accueil\",\"item\":\"https:\/\/www.clubvillamar.fr\/blog\/\"},{\"@type\":\"ListItem\",\"position\":2,\"name\":\"Calpe : Terre de l\u2019embl\u00e9matique Pe\u00f1\u00f3n de Ifach\"}]},{\"@type\":\"WebSite\",\"@id\":\"https:\/\/www.clubvillamar.fr\/blog\/#website\",\"url\":\"https:\/\/www.clubvillamar.fr\/blog\/\",\"name\":\"Club Villamar\",\"description\":\"D\u00e9tendez-vous au bord de la piscine de votre villa espagnole\",\"publisher\":{\"@id\":\"https:\/\/www.clubvillamar.fr\/blog\/#organization\"},\"potentialAction\":[{\"@type\":\"SearchAction\",\"target\":{\"@type\":\"EntryPoint\",\"urlTemplate\":\"https:\/\/www.clubvillamar.fr\/blog\/?s={search_term_string}\"},\"query-input\":\"required name=search_term_string\"}],\"inLanguage\":\"fr-FR\"},{\"@type\":\"Organization\",\"@id\":\"https:\/\/www.clubvillamar.fr\/blog\/#organization\",\"name\":\"Club Villamar\",\"url\":\"https:\/\/www.clubvillamar.fr\/blog\/\",\"logo\":{\"@type\":\"ImageObject\",\"inLanguage\":\"fr-FR\",\"@id\":\"https:\/\/www.clubvillamar.fr\/blog\/#\/schema\/logo\/image\/\",\"url\":\"https:\/\/www.clubvillamar.fr\/blog\/wp-content\/uploads\/2017\/10\/placeholder.jpg\",\"contentUrl\":\"https:\/\/www.clubvillamar.fr\/blog\/wp-content\/uploads\/2017\/10\/placeholder.jpg\",\"width\":1000,\"height\":1000,\"caption\":\"Club Villamar\"},\"image\":{\"@id\":\"https:\/\/www.clubvillamar.fr\/blog\/#\/schema\/logo\/image\/\"}},{\"@type\":\"Person\",\"@id\":\"https:\/\/www.clubvillamar.fr\/blog\/#\/schema\/person\/603e65b5e4bf24837757a4b58cfe7b62\",\"name\":\"Club Villamar\",\"image\":{\"@type\":\"ImageObject\",\"inLanguage\":\"fr-FR\",\"@id\":\"https:\/\/www.clubvillamar.fr\/blog\/#\/schema\/person\/image\/\",\"url\":\"https:\/\/secure.gravatar.com\/avatar\/6b7b837342835f6b0ba134ae80b58a01?s=96&d=mm&r=g\",\"contentUrl\":\"https:\/\/secure.gravatar.com\/avatar\/6b7b837342835f6b0ba134ae80b58a01?s=96&d=mm&r=g\",\"caption\":\"Club Villamar\"},\"sameAs\":[\"https:\/\/www.clubvillamar.fr\"],\"url\":\"https:\/\/www.clubvillamar.fr\/blog\/author\/marketing\/\"}]}<\/script>\n<!-- \/ Yoast SEO plugin. -->","yoast_head_json":{"title":"Calpe : Terre de l\u2019embl\u00e9matique Pe\u00f1\u00f3n de Ifach - Club Villamar","description":"D\u00e9couvrez Calpe et son embl\u00e9matique Pe\u00f1\u00f3n de Ifach. Plages, nature, culture\u2026 Offrez-vous une villa de r\u00eave en Espagne avec Club Villamar.","robots":{"index":"index","follow":"follow","max-snippet":"max-snippet:-1","max-image-preview":"max-image-preview:large","max-video-preview":"max-video-preview:-1"},"canonical":"https:\/\/www.clubvillamar.fr\/blog\/espagne\/costa-blanca\/calpe\/calpe-terre-de-lemblematique-penon-de-ifach\/","og_locale":"fr_FR","og_type":"article","og_title":"Calpe : Terre de l\u2019embl\u00e9matique Pe\u00f1\u00f3n de Ifach - Club Villamar","og_description":"D\u00e9couvrez Calpe et son embl\u00e9matique Pe\u00f1\u00f3n de Ifach. Plages, nature, culture\u2026 Offrez-vous une villa de r\u00eave en Espagne avec Club Villamar.","og_url":"https:\/\/www.clubvillamar.fr\/blog\/espagne\/costa-blanca\/calpe\/calpe-terre-de-lemblematique-penon-de-ifach\/","og_site_name":"Club Villamar","article_published_time":"2025-06-05T15:23:19+00:00","article_modified_time":"2025-06-05T15:23:21+00:00","og_image":[{"width":1024,"height":683,"url":"https:\/\/www.clubvillamar.fr\/blog\/wp-content\/uploads\/2025\/06\/Calpe-1024x683-2.jpg","type":"image\/jpeg"}],"author":"Club Villamar","twitter_card":"summary_large_image","twitter_misc":{"\u00c9crit par":"Club Villamar","Dur\u00e9e de lecture estim\u00e9e":"3 minutes"},"schema":{"@context":"https:\/\/schema.org","@graph":[{"@type":"Article","@id":"https:\/\/www.clubvillamar.fr\/blog\/espagne\/costa-blanca\/calpe\/calpe-terre-de-lemblematique-penon-de-ifach\/#article","isPartOf":{"@id":"https:\/\/www.clubvillamar.fr\/blog\/espagne\/costa-blanca\/calpe\/calpe-terre-de-lemblematique-penon-de-ifach\/"},"author":{"name":"Club Villamar","@id":"https:\/\/www.clubvillamar.fr\/blog\/#\/schema\/person\/603e65b5e4bf24837757a4b58cfe7b62"},"headline":"Calpe : Terre de l\u2019embl\u00e9matique Pe\u00f1\u00f3n de Ifach","datePublished":"2025-06-05T15:23:19+00:00","dateModified":"2025-06-05T15:23:21+00:00","mainEntityOfPage":{"@id":"https:\/\/www.clubvillamar.fr\/blog\/espagne\/costa-blanca\/calpe\/calpe-terre-de-lemblematique-penon-de-ifach\/"},"wordCount":482,"publisher":{"@id":"https:\/\/www.clubvillamar.fr\/blog\/#organization"},"image":{"@id":"https:\/\/www.clubvillamar.fr\/blog\/espagne\/costa-blanca\/calpe\/calpe-terre-de-lemblematique-penon-de-ifach\/#primaryimage"},"thumbnailUrl":"https:\/\/www.clubvillamar.fr\/blog\/wp-content\/uploads\/2025\/06\/Calpe-1024x683-2.jpg","keywords":["club villamar","Costa Blanca","Calpe","vacances espagne","villas en espagne","plages espagne","villes c\u00f4ti\u00e8res Espagne","randonn\u00e9e Espagne","Pe\u00f1\u00f3n de Ifach","blog voyage","vacances en famille","nature Espagne"],"articleSection":["Calpe"],"inLanguage":"fr-FR"},{"@type":"WebPage","@id":"https:\/\/www.clubvillamar.fr\/blog\/espagne\/costa-blanca\/calpe\/calpe-terre-de-lemblematique-penon-de-ifach\/","url":"https:\/\/www.clubvillamar.fr\/blog\/espagne\/costa-blanca\/calpe\/calpe-terre-de-lemblematique-penon-de-ifach\/","name":"Calpe : Terre de l\u2019embl\u00e9matique Pe\u00f1\u00f3n de Ifach - Club Villamar","isPartOf":{"@id":"https:\/\/www.clubvillamar.fr\/blog\/#website"},"primaryImageOfPage":{"@id":"https:\/\/www.clubvillamar.fr\/blog\/espagne\/costa-blanca\/calpe\/calpe-terre-de-lemblematique-penon-de-ifach\/#primaryimage"},"image":{"@id":"https:\/\/www.clubvillamar.fr\/blog\/espagne\/costa-blanca\/calpe\/calpe-terre-de-lemblematique-penon-de-ifach\/#primaryimage"},"thumbnailUrl":"https:\/\/www.clubvillamar.fr\/blog\/wp-content\/uploads\/2025\/06\/Calpe-1024x683-2.jpg","datePublished":"2025-06-05T15:23:19+00:00","dateModified":"2025-06-05T15:23:21+00:00","description":"D\u00e9couvrez Calpe et son embl\u00e9matique Pe\u00f1\u00f3n de Ifach. Plages, nature, culture\u2026 Offrez-vous une villa de r\u00eave en Espagne avec Club Villamar.","breadcrumb":{"@id":"https:\/\/www.clubvillamar.fr\/blog\/espagne\/costa-blanca\/calpe\/calpe-terre-de-lemblematique-penon-de-ifach\/#breadcrumb"},"inLanguage":"fr-FR","potentialAction":[{"@type":"ReadAction","target":["https:\/\/www.clubvillamar.fr\/blog\/espagne\/costa-blanca\/calpe\/calpe-terre-de-lemblematique-penon-de-ifach\/"]}]},{"@type":"ImageObject","inLanguage":"fr-FR","@id":"https:\/\/www.clubvillamar.fr\/blog\/espagne\/costa-blanca\/calpe\/calpe-terre-de-lemblematique-penon-de-ifach\/#primaryimage","url":"https:\/\/www.clubvillamar.fr\/blog\/wp-content\/uploads\/2025\/06\/Calpe-1024x683-2.jpg","contentUrl":"https:\/\/www.clubvillamar.fr\/blog\/wp-content\/uploads\/2025\/06\/Calpe-1024x683-2.jpg","width":1024,"height":683},{"@type":"BreadcrumbList","@id":"https:\/\/www.clubvillamar.fr\/blog\/espagne\/costa-blanca\/calpe\/calpe-terre-de-lemblematique-penon-de-ifach\/#breadcrumb","itemListElement":[{"@type":"ListItem","position":1,"name":"Accueil","item":"https:\/\/www.clubvillamar.fr\/blog\/"},{"@type":"ListItem","position":2,"name":"Calpe : Terre de l\u2019embl\u00e9matique Pe\u00f1\u00f3n de Ifach"}]},{"@type":"WebSite","@id":"https:\/\/www.clubvillamar.fr\/blog\/#website","url":"https:\/\/www.clubvillamar.fr\/blog\/","name":"Club Villamar","description":"D\u00e9tendez-vous au bord de la piscine de votre villa espagnole","publisher":{"@id":"https:\/\/www.clubvillamar.fr\/blog\/#organization"},"potentialAction":[{"@type":"SearchAction","target":{"@type":"EntryPoint","urlTemplate":"https:\/\/www.clubvillamar.fr\/blog\/?s={search_term_string}"},"query-input":"required name=search_term_string"}],"inLanguage":"fr-FR"},{"@type":"Organization","@id":"https:\/\/www.clubvillamar.fr\/blog\/#organization","name":"Club Villamar","url":"https:\/\/www.clubvillamar.fr\/blog\/","logo":{"@type":"ImageObject","inLanguage":"fr-FR","@id":"https:\/\/www.clubvillamar.fr\/blog\/#\/schema\/logo\/image\/","url":"https:\/\/www.clubvillamar.fr\/blog\/wp-content\/uploads\/2017\/10\/placeholder.jpg","contentUrl":"https:\/\/www.clubvillamar.fr\/blog\/wp-content\/uploads\/2017\/10\/placeholder.jpg","width":1000,"height":1000,"caption":"Club Villamar"},"image":{"@id":"https:\/\/www.clubvillamar.fr\/blog\/#\/schema\/logo\/image\/"}},{"@type":"Person","@id":"https:\/\/www.clubvillamar.fr\/blog\/#\/schema\/person\/603e65b5e4bf24837757a4b58cfe7b62","name":"Club Villamar","image":{"@type":"ImageObject","inLanguage":"fr-FR","@id":"https:\/\/www.clubvillamar.fr\/blog\/#\/schema\/person\/image\/","url":"https:\/\/secure.gravatar.com\/avatar\/6b7b837342835f6b0ba134ae80b58a01?s=96&d=mm&r=g","contentUrl":"https:\/\/secure.gravatar.com\/avatar\/6b7b837342835f6b0ba134ae80b58a01?s=96&d=mm&r=g","caption":"Club Villamar"},"sameAs":["https:\/\/www.clubvillamar.fr"],"url":"https:\/\/www.clubvillamar.fr\/blog\/author\/marketing\/"}]}},"jetpack_sharing_enabled":true,"jetpack_featured_media_url":"https:\/\/www.clubvillamar.fr\/blog\/wp-content\/uploads\/2025\/06\/Calpe-1024x683-2.jpg","jetpack_shortlink":"https:\/\/wp.me\/p9DamS-8ou","_links":{"self":[{"href":"https:\/\/www.clubvillamar.fr\/blog\/wp-json\/wp\/v2\/posts\/32270"}],"collection":[{"href":"https:\/\/www.clubvillamar.fr\/blog\/wp-json\/wp\/v2\/posts"}],"about":[{"href":"https:\/\/www.clubvillamar.fr\/blog\/wp-json\/wp\/v2\/types\/post"}],"author":[{"embeddable":true,"href":"https:\/\/www.clubvillamar.fr\/blog\/wp-json\/wp\/v2\/users\/3"}],"replies":[{"embeddable":true,"href":"https:\/\/www.clubvillamar.fr\/blog\/wp-json\/wp\/v2\/comments?post=32270"}],"version-history":[{"count":2,"href":"https:\/\/www.clubvillamar.fr\/blog\/wp-json\/wp\/v2\/posts\/32270\/revisions"}],"predecessor-version":[{"id":32279,"href":"https:\/\/www.clubvillamar.fr\/blog\/wp-json\/wp\/v2\/posts\/32270\/revisions\/32279"}],"wp:featuredmedia":[{"embeddable":true,"href":"https:\/\/www.clubvillamar.fr\/blog\/wp-json\/wp\/v2\/media\/32272"}],"wp:attachment":[{"href":"https:\/\/www.clubvillamar.fr\/blog\/wp-json\/wp\/v2\/media?parent=32270"}],"wp:term":[{"taxonomy":"category","embeddable":true,"href":"https:\/\/www.clubvillamar.fr\/blog\/wp-json\/wp\/v2\/categories?post=32270"},{"taxonomy":"post_tag","embeddable":true,"href":"https:\/\/www.clubvillamar.fr\/blog\/wp-json\/wp\/v2\/tags?post=32270"}],"curies":[{"name":"wp","href":"https:\/\/api.w.org\/{rel}","templated":true}]}}